{"id":15616,"date":"2023-09-05T14:13:31","date_gmt":"2023-09-05T12:13:31","guid":{"rendered":"http:\/\/cms.mtsomnii.de\/w7\/kreisbote-gap\/unbekannte-taeter-fuegen-stute-in-schwere-verletzungen-zu-92501473-html-2-15616\/"},"modified":"2023-09-05T14:13:31","modified_gmt":"2023-09-05T12:13:31","slug":"unbekannte-taeter-fuegen-stute-in-schwere-verletzungen-zu-92501473-html-2","status":"publish","type":"post","link":"http:\/\/cms.mtsomnii.de\/w7\/kreisbote-gap\/unbekannte-taeter-fuegen-stute-in-schwere-verletzungen-zu-92501473-html-2-15616\/","title":{"rendered":"Unbekannter T\u00e4ter f\u00fcgt Stute in Garmisch-Partenkirchen schwere Verletzungen\u00a0zu"},"content":{"rendered":"<div>GAP &#8211; In der Nacht von Freitag auf Samstag (1.\/2. September) ereignete sich ein erschreckender Vorfall in einem Pferdestall in der Klammstra\u00dfe. Der Besitzer einer dreij\u00e4hrigen Stute erstattete am Samstagvormittag Anzeige bei der Polizeiinspektion Garmisch-Partenkirchen, nachdem er bei der morgendlichen Pflege seines Tieres auf starke Verletzungen im Genitalbereich gesto\u00dfen war. Diese Verletzungen umfassten Schwellungen und Sch\u00fcrfwunden, sowohl \u00e4u\u00dferlich als auch im Inneren des Tieres, vermutlich verursacht durch den Einsatz eines Gegenstandes.<\/div>\n","protected":false},"excerpt":{"rendered":"<p>GAP &#8211; In der Nacht von Freitag auf Samstag (1.\/2. September) ereignete sich ein erschreckender Vorfall in einem Pferdestall in der Klammstra\u00dfe. Der Besitzer einer dreij\u00e4hrigen Stute erstattete am Samstagvormittag Anzeige bei der Polizeiinspektion Garmisch-Partenkirchen, nachdem er bei der morgendlichen Pflege seines Tieres auf starke Verletzungen im Genitalbereich gesto\u00dfen war. Diese Verletzungen umfassten Schwellungen und Sch\u00fcrfwunden, sowohl \u00e4u\u00dferlich als auch<\/p>\n","protected":false},"author":4,"featured_media":0,"comment_status":"closed","ping_status":"open","sticky":false,"template":"","format":"standard","meta":[],"categories":[2],"tags":[],"_links":{"self":[{"href":"http:\/\/cms.mtsomnii.de\/w7\/wp-json\/wp\/v2\/posts\/15616"}],"collection":[{"href":"http:\/\/cms.mtsomnii.de\/w7\/wp-json\/wp\/v2\/posts"}],"about":[{"href":"http:\/\/cms.mtsomnii.de\/w7\/wp-json\/wp\/v2\/types\/post"}],"author":[{"embeddable":true,"href":"http:\/\/cms.mtsomnii.de\/w7\/wp-json\/wp\/v2\/users\/4"}],"replies":[{"embeddable":true,"href":"http:\/\/cms.mtsomnii.de\/w7\/wp-json\/wp\/v2\/comments?post=15616"}],"version-history":[{"count":0,"href":"http:\/\/cms.mtsomnii.de\/w7\/wp-json\/wp\/v2\/posts\/15616\/revisions"}],"wp:attachment":[{"href":"http:\/\/cms.mtsomnii.de\/w7\/wp-json\/wp\/v2\/media?parent=15616"}],"wp:term":[{"taxonomy":"category","embeddable":true,"href":"http:\/\/cms.mtsomnii.de\/w7\/wp-json\/wp\/v2\/categories?post=15616"},{"taxonomy":"post_tag","embeddable":true,"href":"http:\/\/cms.mtsomnii.de\/w7\/wp-json\/wp\/v2\/tags?post=15616"}],"curies":[{"name":"wp","href":"https:\/\/api.w.org\/{rel}","templated":true}]}}