{"id":15622,"date":"2023-09-06T18:11:00","date_gmt":"2023-09-06T16:11:00","guid":{"rendered":"http:\/\/cms.mtsomnii.de\/w7\/merkur-de-gap\/wahlplakate-immer-mehr-zerstoerungen-92504208-html-15622\/"},"modified":"2023-09-06T18:11:00","modified_gmt":"2023-09-06T16:11:00","slug":"wahlplakate-immer-mehr-zerstoerungen-92504208-html","status":"publish","type":"post","link":"http:\/\/cms.mtsomnii.de\/w7\/merkur-de-gap\/wahlplakate-immer-mehr-zerstoerungen-92504208-html-15622\/","title":{"rendered":"Wahlplakate: Immer mehr Zerst\u00f6rungen? &#8211; Gr\u00fcne sind sauer"},"content":{"rendered":"<div>Der Wahlkampf in Bayern geht in die hei\u00dfe Phase. In den Gemeinden h\u00e4ngen mittlerweile Plakate. Nach Einsch\u00e4tzung der Murnauer Gr\u00fcnen-Politikerin Veronika Jones-Gilch wurden noch nie so viele beschmiert oder zerst\u00f6rt wie in diesem Jahr. Sie hat bei der Polizei Strafanzeige gestellt.<\/div>\n","protected":false},"excerpt":{"rendered":"<p>Der Wahlkampf in Bayern geht in die hei\u00dfe Phase. In den Gemeinden h\u00e4ngen mittlerweile Plakate. Nach Einsch\u00e4tzung der Murnauer Gr\u00fcnen-Politikerin Veronika Jones-Gilch wurden noch nie so viele beschmiert oder zerst\u00f6rt wie in diesem Jahr. Sie hat bei der Polizei Strafanzeige gestellt.<\/p>\n","protected":false},"author":5,"featured_media":0,"comment_status":"closed","ping_status":"open","sticky":false,"template":"","format":"standard","meta":[],"categories":[5],"tags":[],"_links":{"self":[{"href":"http:\/\/cms.mtsomnii.de\/w7\/wp-json\/wp\/v2\/posts\/15622"}],"collection":[{"href":"http:\/\/cms.mtsomnii.de\/w7\/wp-json\/wp\/v2\/posts"}],"about":[{"href":"http:\/\/cms.mtsomnii.de\/w7\/wp-json\/wp\/v2\/types\/post"}],"author":[{"embeddable":true,"href":"http:\/\/cms.mtsomnii.de\/w7\/wp-json\/wp\/v2\/users\/5"}],"replies":[{"embeddable":true,"href":"http:\/\/cms.mtsomnii.de\/w7\/wp-json\/wp\/v2\/comments?post=15622"}],"version-history":[{"count":0,"href":"http:\/\/cms.mtsomnii.de\/w7\/wp-json\/wp\/v2\/posts\/15622\/revisions"}],"wp:attachment":[{"href":"http:\/\/cms.mtsomnii.de\/w7\/wp-json\/wp\/v2\/media?parent=15622"}],"wp:term":[{"taxonomy":"category","embeddable":true,"href":"http:\/\/cms.mtsomnii.de\/w7\/wp-json\/wp\/v2\/categories?post=15622"},{"taxonomy":"post_tag","embeddable":true,"href":"http:\/\/cms.mtsomnii.de\/w7\/wp-json\/wp\/v2\/tags?post=15622"}],"curies":[{"name":"wp","href":"https:\/\/api.w.org\/{rel}","templated":true}]}}