{"id":15645,"date":"2023-09-06T18:30:07","date_gmt":"2023-09-06T16:30:07","guid":{"rendered":"http:\/\/cms.mtsomnii.de\/w7\/merkur-de-gap\/mercedes-bradn-flammen-garmisch-partenkirchen-92504442-html-2-15645\/"},"modified":"2023-09-06T18:30:07","modified_gmt":"2023-09-06T16:30:07","slug":"mercedes-bradn-flammen-garmisch-partenkirchen-92504442-html-2","status":"publish","type":"post","link":"http:\/\/cms.mtsomnii.de\/w7\/merkur-de-gap\/mercedes-bradn-flammen-garmisch-partenkirchen-92504442-html-2-15645\/","title":{"rendered":"Mercedes geht in Flammen auf: Schrecksekunde f\u00fcr Autofahrerin in Garmisch-Partenkirchen"},"content":{"rendered":"<div>An der Loisachbr\u00fccke\/Ecke F\u00fcrstenstra\u00dfe bemerkt eine Autofahrerin pl\u00f6tzlich den Geruch von Rauch und verschmortem Plastik. Kurz darauf steht ihr Wagen in Flammen.<\/div>\n","protected":false},"excerpt":{"rendered":"<p>An der Loisachbr\u00fccke\/Ecke F\u00fcrstenstra\u00dfe bemerkt eine Autofahrerin pl\u00f6tzlich den Geruch von Rauch und verschmortem Plastik. Kurz darauf steht ihr Wagen in Flammen.<\/p>\n","protected":false},"author":5,"featured_media":0,"comment_status":"closed","ping_status":"open","sticky":false,"template":"","format":"standard","meta":[],"categories":[5],"tags":[],"_links":{"self":[{"href":"http:\/\/cms.mtsomnii.de\/w7\/wp-json\/wp\/v2\/posts\/15645"}],"collection":[{"href":"http:\/\/cms.mtsomnii.de\/w7\/wp-json\/wp\/v2\/posts"}],"about":[{"href":"http:\/\/cms.mtsomnii.de\/w7\/wp-json\/wp\/v2\/types\/post"}],"author":[{"embeddable":true,"href":"http:\/\/cms.mtsomnii.de\/w7\/wp-json\/wp\/v2\/users\/5"}],"replies":[{"embeddable":true,"href":"http:\/\/cms.mtsomnii.de\/w7\/wp-json\/wp\/v2\/comments?post=15645"}],"version-history":[{"count":0,"href":"http:\/\/cms.mtsomnii.de\/w7\/wp-json\/wp\/v2\/posts\/15645\/revisions"}],"wp:attachment":[{"href":"http:\/\/cms.mtsomnii.de\/w7\/wp-json\/wp\/v2\/media?parent=15645"}],"wp:term":[{"taxonomy":"category","embeddable":true,"href":"http:\/\/cms.mtsomnii.de\/w7\/wp-json\/wp\/v2\/categories?post=15645"},{"taxonomy":"post_tag","embeddable":true,"href":"http:\/\/cms.mtsomnii.de\/w7\/wp-json\/wp\/v2\/tags?post=15645"}],"curies":[{"name":"wp","href":"https:\/\/api.w.org\/{rel}","templated":true}]}}