{"id":15678,"date":"2023-09-13T20:00:00","date_gmt":"2023-09-13T18:00:00","guid":{"rendered":"http:\/\/cms.mtsomnii.de\/w7\/merkur-de-gap\/angst-vor-neuen-schaeden-92518227-html-15678\/"},"modified":"2023-09-13T20:00:00","modified_gmt":"2023-09-13T18:00:00","slug":"angst-vor-neuen-schaeden-92518227-html","status":"publish","type":"post","link":"http:\/\/cms.mtsomnii.de\/w7\/merkur-de-gap\/angst-vor-neuen-schaeden-92518227-html-15678\/","title":{"rendered":"Nach Hagel-Katastrophe: Gewitter zieht \u00fcber Bad Bayersoien &#8211; \u201eJeder hat Angst gekriegt\u201c"},"content":{"rendered":"<div>Fast jedem Dach in Bad Bayersoien wurde nach dem Hagel ein Schutz verpasst. Wie sich bei den Sturmb\u00f6en am Dienstagabend zeigte: Die meisten Planen hielten den Windst\u00f6\u00dfen und dem Regen stand.<\/div>\n","protected":false},"excerpt":{"rendered":"<p>Fast jedem Dach in Bad Bayersoien wurde nach dem Hagel ein Schutz verpasst. Wie sich bei den Sturmb\u00f6en am Dienstagabend zeigte: Die meisten Planen hielten den Windst\u00f6\u00dfen und dem Regen stand.<\/p>\n","protected":false},"author":5,"featured_media":0,"comment_status":"closed","ping_status":"open","sticky":false,"template":"","format":"standard","meta":[],"categories":[5],"tags":[],"_links":{"self":[{"href":"http:\/\/cms.mtsomnii.de\/w7\/wp-json\/wp\/v2\/posts\/15678"}],"collection":[{"href":"http:\/\/cms.mtsomnii.de\/w7\/wp-json\/wp\/v2\/posts"}],"about":[{"href":"http:\/\/cms.mtsomnii.de\/w7\/wp-json\/wp\/v2\/types\/post"}],"author":[{"embeddable":true,"href":"http:\/\/cms.mtsomnii.de\/w7\/wp-json\/wp\/v2\/users\/5"}],"replies":[{"embeddable":true,"href":"http:\/\/cms.mtsomnii.de\/w7\/wp-json\/wp\/v2\/comments?post=15678"}],"version-history":[{"count":0,"href":"http:\/\/cms.mtsomnii.de\/w7\/wp-json\/wp\/v2\/posts\/15678\/revisions"}],"wp:attachment":[{"href":"http:\/\/cms.mtsomnii.de\/w7\/wp-json\/wp\/v2\/media?parent=15678"}],"wp:term":[{"taxonomy":"category","embeddable":true,"href":"http:\/\/cms.mtsomnii.de\/w7\/wp-json\/wp\/v2\/categories?post=15678"},{"taxonomy":"post_tag","embeddable":true,"href":"http:\/\/cms.mtsomnii.de\/w7\/wp-json\/wp\/v2\/tags?post=15678"}],"curies":[{"name":"wp","href":"https:\/\/api.w.org\/{rel}","templated":true}]}}