{"id":15694,"date":"2023-09-16T08:30:00","date_gmt":"2023-09-16T06:30:00","guid":{"rendered":"http:\/\/cms.mtsomnii.de\/w7\/merkur-de-gap\/oktoberfest-werdenfelser-tracht-trends-dirndl-lederhosen-92523111-html-15694\/"},"modified":"2023-09-16T08:30:00","modified_gmt":"2023-09-16T06:30:00","slug":"oktoberfest-werdenfelser-tracht-trends-dirndl-lederhosen-92523111-html","status":"publish","type":"post","link":"http:\/\/cms.mtsomnii.de\/w7\/merkur-de-gap\/oktoberfest-werdenfelser-tracht-trends-dirndl-lederhosen-92523111-html-15694\/","title":{"rendered":"Mann tr\u00e4gt gern leichte Joppen, Dirndl m\u00fcssen \u00fcbers Knie gehen: Wie der Werdenfelser aufs Oktoberfest geht"},"content":{"rendered":"<div>Einige Elemente in der klassischen Werdenfelser Tracht bleiben gleich, doch sie entwickelt sich auch immer mal ein bisschen weiter. Zum Start des Oktoberfests lohnt es sich, einen Blick auf die aktuellen Trends in der Region bei Dirndl und Lederhosen zu werfen. Auf der Wiesn gewinnt die traditionelle Tracht an Bedeutung.<\/div>\n","protected":false},"excerpt":{"rendered":"<p>Einige Elemente in der klassischen Werdenfelser Tracht bleiben gleich, doch sie entwickelt sich auch immer mal ein bisschen weiter. Zum Start des Oktoberfests lohnt es sich, einen Blick auf die aktuellen Trends in der Region bei Dirndl und Lederhosen zu werfen. Auf der Wiesn gewinnt die traditionelle Tracht an Bedeutung.<\/p>\n","protected":false},"author":5,"featured_media":0,"comment_status":"closed","ping_status":"open","sticky":false,"template":"","format":"standard","meta":[],"categories":[5],"tags":[],"_links":{"self":[{"href":"http:\/\/cms.mtsomnii.de\/w7\/wp-json\/wp\/v2\/posts\/15694"}],"collection":[{"href":"http:\/\/cms.mtsomnii.de\/w7\/wp-json\/wp\/v2\/posts"}],"about":[{"href":"http:\/\/cms.mtsomnii.de\/w7\/wp-json\/wp\/v2\/types\/post"}],"author":[{"embeddable":true,"href":"http:\/\/cms.mtsomnii.de\/w7\/wp-json\/wp\/v2\/users\/5"}],"replies":[{"embeddable":true,"href":"http:\/\/cms.mtsomnii.de\/w7\/wp-json\/wp\/v2\/comments?post=15694"}],"version-history":[{"count":0,"href":"http:\/\/cms.mtsomnii.de\/w7\/wp-json\/wp\/v2\/posts\/15694\/revisions"}],"wp:attachment":[{"href":"http:\/\/cms.mtsomnii.de\/w7\/wp-json\/wp\/v2\/media?parent=15694"}],"wp:term":[{"taxonomy":"category","embeddable":true,"href":"http:\/\/cms.mtsomnii.de\/w7\/wp-json\/wp\/v2\/categories?post=15694"},{"taxonomy":"post_tag","embeddable":true,"href":"http:\/\/cms.mtsomnii.de\/w7\/wp-json\/wp\/v2\/tags?post=15694"}],"curies":[{"name":"wp","href":"https:\/\/api.w.org\/{rel}","templated":true}]}}