{"id":15696,"date":"2023-09-17T15:30:00","date_gmt":"2023-09-17T13:30:00","guid":{"rendered":"http:\/\/cms.mtsomnii.de\/w7\/merkur-de-gap\/messer-attacke-an-partnach-garmisch-partenkirchner-34-verletzt-92524971-html-15696\/"},"modified":"2023-09-17T15:30:00","modified_gmt":"2023-09-17T13:30:00","slug":"messer-attacke-an-partnach-garmisch-partenkirchner-34-verletzt-92524971-html","status":"publish","type":"post","link":"http:\/\/cms.mtsomnii.de\/w7\/merkur-de-gap\/messer-attacke-an-partnach-garmisch-partenkirchner-34-verletzt-92524971-html-15696\/","title":{"rendered":"Messer-Attacke an der Partnach: Garmisch-Partenkirchner (34) im Klinikum"},"content":{"rendered":"<div>Mit einem Messer hat ein Unbekannter einen Garmisch-Partenkirchner (34) am Hals verletzt. Zuvor hatten sich die M\u00e4nner heftig gestritten. Der Angreifer fl\u00fcchtete Richtung Hauptstra\u00dfe. Jetzt hofft die Polizei auf Zeugen.<\/div>\n","protected":false},"excerpt":{"rendered":"<p>Mit einem Messer hat ein Unbekannter einen Garmisch-Partenkirchner (34) am Hals verletzt. Zuvor hatten sich die M\u00e4nner heftig gestritten. Der Angreifer fl\u00fcchtete Richtung Hauptstra\u00dfe. Jetzt hofft die Polizei auf Zeugen.<\/p>\n","protected":false},"author":5,"featured_media":0,"comment_status":"closed","ping_status":"open","sticky":false,"template":"","format":"standard","meta":[],"categories":[5],"tags":[],"_links":{"self":[{"href":"http:\/\/cms.mtsomnii.de\/w7\/wp-json\/wp\/v2\/posts\/15696"}],"collection":[{"href":"http:\/\/cms.mtsomnii.de\/w7\/wp-json\/wp\/v2\/posts"}],"about":[{"href":"http:\/\/cms.mtsomnii.de\/w7\/wp-json\/wp\/v2\/types\/post"}],"author":[{"embeddable":true,"href":"http:\/\/cms.mtsomnii.de\/w7\/wp-json\/wp\/v2\/users\/5"}],"replies":[{"embeddable":true,"href":"http:\/\/cms.mtsomnii.de\/w7\/wp-json\/wp\/v2\/comments?post=15696"}],"version-history":[{"count":0,"href":"http:\/\/cms.mtsomnii.de\/w7\/wp-json\/wp\/v2\/posts\/15696\/revisions"}],"wp:attachment":[{"href":"http:\/\/cms.mtsomnii.de\/w7\/wp-json\/wp\/v2\/media?parent=15696"}],"wp:term":[{"taxonomy":"category","embeddable":true,"href":"http:\/\/cms.mtsomnii.de\/w7\/wp-json\/wp\/v2\/categories?post=15696"},{"taxonomy":"post_tag","embeddable":true,"href":"http:\/\/cms.mtsomnii.de\/w7\/wp-json\/wp\/v2\/tags?post=15696"}],"curies":[{"name":"wp","href":"https:\/\/api.w.org\/{rel}","templated":true}]}}