{"id":15698,"date":"2023-09-18T08:00:00","date_gmt":"2023-09-18T06:00:00","guid":{"rendered":"http:\/\/cms.mtsomnii.de\/w7\/kreisbote-gap\/vom-boden-bis-auf-die-buehne-vhs-murnau-wartet-mit-einem-vielfaeltigen-programm-auf-92521319-html-15698\/"},"modified":"2023-09-18T08:00:00","modified_gmt":"2023-09-18T06:00:00","slug":"vom-boden-bis-auf-die-buehne-vhs-murnau-wartet-mit-einem-vielfaeltigen-programm-auf-92521319-html","status":"publish","type":"post","link":"http:\/\/cms.mtsomnii.de\/w7\/kreisbote-gap\/vom-boden-bis-auf-die-buehne-vhs-murnau-wartet-mit-einem-vielfaeltigen-programm-auf-92521319-html-15698\/","title":{"rendered":"vhs Murnau wartet mit einem vielf\u00e4ltigen Programm auf"},"content":{"rendered":"<div>Murnau \u2013 B\u00e4ume dominieren das Titelbild. Die St\u00e4mme sind tiefschwarz. Zwischen den dunklen \u00c4sten schimmern jedoch zahlreiche Farben, bunte Felder in den Kronen, die an opulente Kirchenfenster erinnern. Zwei Bereiche aus dem neuen Semesterprogrammheft der Volkshochschule Murnau (vhs) werden damit schon einmal unmittelbar auf dem Deckblatt vor Augen gef\u00fchrt: Natur und Kunst. Doch freilich beinhalten die rund 180 Veranstaltungen der kommenden Monate noch einiges mehr.<\/div>\n","protected":false},"excerpt":{"rendered":"<p>Murnau \u2013 B\u00e4ume dominieren das Titelbild. Die St\u00e4mme sind tiefschwarz. Zwischen den dunklen \u00c4sten schimmern jedoch zahlreiche Farben, bunte Felder in den Kronen, die an opulente Kirchenfenster erinnern. Zwei Bereiche aus dem neuen Semesterprogrammheft der Volkshochschule Murnau (vhs) werden damit schon einmal unmittelbar auf dem Deckblatt vor Augen gef\u00fchrt: Natur und Kunst. Doch freilich beinhalten die rund 180 Veranstaltungen der<\/p>\n","protected":false},"author":4,"featured_media":0,"comment_status":"closed","ping_status":"open","sticky":false,"template":"","format":"standard","meta":[],"categories":[2],"tags":[],"_links":{"self":[{"href":"http:\/\/cms.mtsomnii.de\/w7\/wp-json\/wp\/v2\/posts\/15698"}],"collection":[{"href":"http:\/\/cms.mtsomnii.de\/w7\/wp-json\/wp\/v2\/posts"}],"about":[{"href":"http:\/\/cms.mtsomnii.de\/w7\/wp-json\/wp\/v2\/types\/post"}],"author":[{"embeddable":true,"href":"http:\/\/cms.mtsomnii.de\/w7\/wp-json\/wp\/v2\/users\/4"}],"replies":[{"embeddable":true,"href":"http:\/\/cms.mtsomnii.de\/w7\/wp-json\/wp\/v2\/comments?post=15698"}],"version-history":[{"count":0,"href":"http:\/\/cms.mtsomnii.de\/w7\/wp-json\/wp\/v2\/posts\/15698\/revisions"}],"wp:attachment":[{"href":"http:\/\/cms.mtsomnii.de\/w7\/wp-json\/wp\/v2\/media?parent=15698"}],"wp:term":[{"taxonomy":"category","embeddable":true,"href":"http:\/\/cms.mtsomnii.de\/w7\/wp-json\/wp\/v2\/categories?post=15698"},{"taxonomy":"post_tag","embeddable":true,"href":"http:\/\/cms.mtsomnii.de\/w7\/wp-json\/wp\/v2\/tags?post=15698"}],"curies":[{"name":"wp","href":"https:\/\/api.w.org\/{rel}","templated":true}]}}