{"id":15704,"date":"2023-09-18T14:08:18","date_gmt":"2023-09-18T12:08:18","guid":{"rendered":"http:\/\/cms.mtsomnii.de\/w7\/kreisbote-gap\/american-bulldog-huendin-wurde-in-oberammergau-im-wald-ausgesetzt-92526842-html-2-15704\/"},"modified":"2023-09-18T14:08:18","modified_gmt":"2023-09-18T12:08:18","slug":"american-bulldog-huendin-wurde-in-oberammergau-im-wald-ausgesetzt-92526842-html-2","status":"publish","type":"post","link":"http:\/\/cms.mtsomnii.de\/w7\/kreisbote-gap\/american-bulldog-huendin-wurde-in-oberammergau-im-wald-ausgesetzt-92526842-html-2-15704\/","title":{"rendered":"Tieraussetzung in Oberammergau: H\u00fcndin an Baum angebunden und im Wald zur\u00fcckgelassen"},"content":{"rendered":"<div>Am Freitagabend, den 15. September, ging im Tierheim Garmisch-Partenkirchen ein Notruf ein. Urlauber waren im Bereich der Abzweigung B23\/Ettaler Stra\u00dfe am Ortseingang von Oberammergau auf einem kleinen Pfad in den Wald gegangen. Etwa 30 Meter vom Pfad entfernt entdeckten sie einen Hund, der am Hang eines Fichtenbaums angebunden war. Sie l\u00f6sten den Hund von der Leine und verst\u00e4ndigten die Polizei in Garmisch-Partenkirchen. Polizeibeamte fuhren sofort los, sicherten den Hund und baten das Tierheim, ihn in Oberammergau abzuholen. Es war bereits dunkel, als Tessy L\u00f6dermann und Gitta W\u00fcnsch vor Ort eintrafen und den Hund, der w\u00e4hrend der gesamten Fahrt \u00e4ngstlich und panisch war, \u00fcbernahmen.<\/div>\n","protected":false},"excerpt":{"rendered":"<p>Am Freitagabend, den 15. September, ging im Tierheim Garmisch-Partenkirchen ein Notruf ein. Urlauber waren im Bereich der Abzweigung B23\/Ettaler Stra\u00dfe am Ortseingang von Oberammergau auf einem kleinen Pfad in den Wald gegangen. Etwa 30 Meter vom Pfad entfernt entdeckten sie einen Hund, der am Hang eines Fichtenbaums angebunden war. Sie l\u00f6sten den Hund von der Leine und verst\u00e4ndigten die Polizei<\/p>\n","protected":false},"author":4,"featured_media":0,"comment_status":"closed","ping_status":"open","sticky":false,"template":"","format":"standard","meta":[],"categories":[2],"tags":[],"_links":{"self":[{"href":"http:\/\/cms.mtsomnii.de\/w7\/wp-json\/wp\/v2\/posts\/15704"}],"collection":[{"href":"http:\/\/cms.mtsomnii.de\/w7\/wp-json\/wp\/v2\/posts"}],"about":[{"href":"http:\/\/cms.mtsomnii.de\/w7\/wp-json\/wp\/v2\/types\/post"}],"author":[{"embeddable":true,"href":"http:\/\/cms.mtsomnii.de\/w7\/wp-json\/wp\/v2\/users\/4"}],"replies":[{"embeddable":true,"href":"http:\/\/cms.mtsomnii.de\/w7\/wp-json\/wp\/v2\/comments?post=15704"}],"version-history":[{"count":0,"href":"http:\/\/cms.mtsomnii.de\/w7\/wp-json\/wp\/v2\/posts\/15704\/revisions"}],"wp:attachment":[{"href":"http:\/\/cms.mtsomnii.de\/w7\/wp-json\/wp\/v2\/media?parent=15704"}],"wp:term":[{"taxonomy":"category","embeddable":true,"href":"http:\/\/cms.mtsomnii.de\/w7\/wp-json\/wp\/v2\/categories?post=15704"},{"taxonomy":"post_tag","embeddable":true,"href":"http:\/\/cms.mtsomnii.de\/w7\/wp-json\/wp\/v2\/tags?post=15704"}],"curies":[{"name":"wp","href":"https:\/\/api.w.org\/{rel}","templated":true}]}}