{"id":15706,"date":"2023-09-19T09:18:49","date_gmt":"2023-09-19T07:18:49","guid":{"rendered":"http:\/\/cms.mtsomnii.de\/w7\/merkur-de-gap\/raetsel-um-bayernpartei-plakate-in-garmisch-partenkirchen-92528352-html-15706\/"},"modified":"2023-09-19T09:18:49","modified_gmt":"2023-09-19T07:18:49","slug":"raetsel-um-bayernpartei-plakate-in-garmisch-partenkirchen-92528352-html","status":"publish","type":"post","link":"http:\/\/cms.mtsomnii.de\/w7\/merkur-de-gap\/raetsel-um-bayernpartei-plakate-in-garmisch-partenkirchen-92528352-html-15706\/","title":{"rendered":"R\u00e4tsel um Bayernpartei-Plakate in Garmisch-Partenkirchen: Wer hat sie aufgeh\u00e4ngt?"},"content":{"rendered":"<div>Es ist eine mysteri\u00f6se Geschichte: Am Montagmorgen h\u00e4ngen in Garmisch-Partenkirchen pl\u00f6tzlich Plakate der Bayernpartei an vielen Laternenmasten. Nicht einmal die drei Gemeinder\u00e4te der Partei wussten, wo sie herkamen &#8211; mussten in der Fr\u00fch aber raus, um sie per Gartenschere wieder zu entfernen. Denn: Wahlwerbung ist nur auf festen Anschlagtafeln erlaubt.<\/div>\n","protected":false},"excerpt":{"rendered":"<p>Es ist eine mysteri\u00f6se Geschichte: Am Montagmorgen h\u00e4ngen in Garmisch-Partenkirchen pl\u00f6tzlich Plakate der Bayernpartei an vielen Laternenmasten. Nicht einmal die drei Gemeinder\u00e4te der Partei wussten, wo sie herkamen &#8211; mussten in der Fr\u00fch aber raus, um sie per Gartenschere wieder zu entfernen. Denn: Wahlwerbung ist nur auf festen Anschlagtafeln erlaubt.<\/p>\n","protected":false},"author":5,"featured_media":0,"comment_status":"closed","ping_status":"open","sticky":false,"template":"","format":"standard","meta":[],"categories":[5],"tags":[],"_links":{"self":[{"href":"http:\/\/cms.mtsomnii.de\/w7\/wp-json\/wp\/v2\/posts\/15706"}],"collection":[{"href":"http:\/\/cms.mtsomnii.de\/w7\/wp-json\/wp\/v2\/posts"}],"about":[{"href":"http:\/\/cms.mtsomnii.de\/w7\/wp-json\/wp\/v2\/types\/post"}],"author":[{"embeddable":true,"href":"http:\/\/cms.mtsomnii.de\/w7\/wp-json\/wp\/v2\/users\/5"}],"replies":[{"embeddable":true,"href":"http:\/\/cms.mtsomnii.de\/w7\/wp-json\/wp\/v2\/comments?post=15706"}],"version-history":[{"count":0,"href":"http:\/\/cms.mtsomnii.de\/w7\/wp-json\/wp\/v2\/posts\/15706\/revisions"}],"wp:attachment":[{"href":"http:\/\/cms.mtsomnii.de\/w7\/wp-json\/wp\/v2\/media?parent=15706"}],"wp:term":[{"taxonomy":"category","embeddable":true,"href":"http:\/\/cms.mtsomnii.de\/w7\/wp-json\/wp\/v2\/categories?post=15706"},{"taxonomy":"post_tag","embeddable":true,"href":"http:\/\/cms.mtsomnii.de\/w7\/wp-json\/wp\/v2\/tags?post=15706"}],"curies":[{"name":"wp","href":"https:\/\/api.w.org\/{rel}","templated":true}]}}