{"id":15708,"date":"2023-09-19T12:30:00","date_gmt":"2023-09-19T10:30:00","guid":{"rendered":"http:\/\/cms.mtsomnii.de\/w7\/merkur-de-gap\/harter-baustellen-herbst-im-landkreis-garmisch-partenkirchen-92528854-html-15708\/"},"modified":"2023-09-19T12:30:00","modified_gmt":"2023-09-19T10:30:00","slug":"harter-baustellen-herbst-im-landkreis-garmisch-partenkirchen-92528854-html","status":"publish","type":"post","link":"http:\/\/cms.mtsomnii.de\/w7\/merkur-de-gap\/harter-baustellen-herbst-im-landkreis-garmisch-partenkirchen-92528854-html-15708\/","title":{"rendered":"Harter Baustellen-Herbst: Stra\u00dfenbauer muten Verkehrsteilnehmern derzeit viel zu"},"content":{"rendered":"<div>Hochsaison im Stra\u00dfenbau: Die Zahl an Baustellen im s\u00fcdlichen Landkreis Garmisch-Partenkirchen ist derzeit hoch: Staatliches Bauamt und Gemeinden nutzen die Jahreszeit f\u00fcr die Arbeiten. Ein Arzt vermutet, dass die Kommunikation nicht die allerbeste ist.<\/div>\n","protected":false},"excerpt":{"rendered":"<p>Hochsaison im Stra\u00dfenbau: Die Zahl an Baustellen im s\u00fcdlichen Landkreis Garmisch-Partenkirchen ist derzeit hoch: Staatliches Bauamt und Gemeinden nutzen die Jahreszeit f\u00fcr die Arbeiten. Ein Arzt vermutet, dass die Kommunikation nicht die allerbeste ist.<\/p>\n","protected":false},"author":5,"featured_media":0,"comment_status":"closed","ping_status":"open","sticky":false,"template":"","format":"standard","meta":[],"categories":[5],"tags":[],"_links":{"self":[{"href":"http:\/\/cms.mtsomnii.de\/w7\/wp-json\/wp\/v2\/posts\/15708"}],"collection":[{"href":"http:\/\/cms.mtsomnii.de\/w7\/wp-json\/wp\/v2\/posts"}],"about":[{"href":"http:\/\/cms.mtsomnii.de\/w7\/wp-json\/wp\/v2\/types\/post"}],"author":[{"embeddable":true,"href":"http:\/\/cms.mtsomnii.de\/w7\/wp-json\/wp\/v2\/users\/5"}],"replies":[{"embeddable":true,"href":"http:\/\/cms.mtsomnii.de\/w7\/wp-json\/wp\/v2\/comments?post=15708"}],"version-history":[{"count":0,"href":"http:\/\/cms.mtsomnii.de\/w7\/wp-json\/wp\/v2\/posts\/15708\/revisions"}],"wp:attachment":[{"href":"http:\/\/cms.mtsomnii.de\/w7\/wp-json\/wp\/v2\/media?parent=15708"}],"wp:term":[{"taxonomy":"category","embeddable":true,"href":"http:\/\/cms.mtsomnii.de\/w7\/wp-json\/wp\/v2\/categories?post=15708"},{"taxonomy":"post_tag","embeddable":true,"href":"http:\/\/cms.mtsomnii.de\/w7\/wp-json\/wp\/v2\/tags?post=15708"}],"curies":[{"name":"wp","href":"https:\/\/api.w.org\/{rel}","templated":true}]}}