{"id":15709,"date":"2023-09-19T14:10:33","date_gmt":"2023-09-19T12:10:33","guid":{"rendered":"http:\/\/cms.mtsomnii.de\/w7\/merkur-de-gap\/gullydeckel-aus-der-strasse-gehoben-92529020-html-15709\/"},"modified":"2023-09-19T14:10:33","modified_gmt":"2023-09-19T12:10:33","slug":"gullydeckel-aus-der-strasse-gehoben-92529020-html","status":"publish","type":"post","link":"http:\/\/cms.mtsomnii.de\/w7\/merkur-de-gap\/gullydeckel-aus-der-strasse-gehoben-92529020-html-15709\/","title":{"rendered":"T\u00f6dliche Unf\u00e4lle in Kauf genommen: In Mittenwald hoben Unbekannte Gullydeckel aus der Stra\u00dfe &#8211; Verd\u00e4chtiger freigesprochen"},"content":{"rendered":"<div>Wer hat in der Nacht auf Mittenwalds Stra\u00dfen Gullydeckel enthoben und damit potenziell t\u00f6dliche Unf\u00e4lle in Kauf genommen? F\u00fcr einen jungen Tat-Verd\u00e4chtigen aus Mittenwald gab es nun einen Freispruch. Derweil geht die Suche nach den T\u00e4tern weiter.<\/div>\n","protected":false},"excerpt":{"rendered":"<p>Wer hat in der Nacht auf Mittenwalds Stra\u00dfen Gullydeckel enthoben und damit potenziell t\u00f6dliche Unf\u00e4lle in Kauf genommen? F\u00fcr einen jungen Tat-Verd\u00e4chtigen aus Mittenwald gab es nun einen Freispruch. Derweil geht die Suche nach den T\u00e4tern weiter.<\/p>\n","protected":false},"author":5,"featured_media":0,"comment_status":"closed","ping_status":"open","sticky":false,"template":"","format":"standard","meta":[],"categories":[5],"tags":[],"_links":{"self":[{"href":"http:\/\/cms.mtsomnii.de\/w7\/wp-json\/wp\/v2\/posts\/15709"}],"collection":[{"href":"http:\/\/cms.mtsomnii.de\/w7\/wp-json\/wp\/v2\/posts"}],"about":[{"href":"http:\/\/cms.mtsomnii.de\/w7\/wp-json\/wp\/v2\/types\/post"}],"author":[{"embeddable":true,"href":"http:\/\/cms.mtsomnii.de\/w7\/wp-json\/wp\/v2\/users\/5"}],"replies":[{"embeddable":true,"href":"http:\/\/cms.mtsomnii.de\/w7\/wp-json\/wp\/v2\/comments?post=15709"}],"version-history":[{"count":0,"href":"http:\/\/cms.mtsomnii.de\/w7\/wp-json\/wp\/v2\/posts\/15709\/revisions"}],"wp:attachment":[{"href":"http:\/\/cms.mtsomnii.de\/w7\/wp-json\/wp\/v2\/media?parent=15709"}],"wp:term":[{"taxonomy":"category","embeddable":true,"href":"http:\/\/cms.mtsomnii.de\/w7\/wp-json\/wp\/v2\/categories?post=15709"},{"taxonomy":"post_tag","embeddable":true,"href":"http:\/\/cms.mtsomnii.de\/w7\/wp-json\/wp\/v2\/tags?post=15709"}],"curies":[{"name":"wp","href":"https:\/\/api.w.org\/{rel}","templated":true}]}}