{"id":15723,"date":"2023-09-23T08:00:00","date_gmt":"2023-09-23T06:00:00","guid":{"rendered":"http:\/\/cms.mtsomnii.de\/w7\/merkur-de-gap\/donnergrollen-im-wallgauer-rathaus-92536180-html-15723\/"},"modified":"2023-09-23T08:00:00","modified_gmt":"2023-09-23T06:00:00","slug":"donnergrollen-im-wallgauer-rathaus-92536180-html","status":"publish","type":"post","link":"http:\/\/cms.mtsomnii.de\/w7\/merkur-de-gap\/donnergrollen-im-wallgauer-rathaus-92536180-html-15723\/","title":{"rendered":"Fassungslos: Warum die Isartaler dem Bauamt Weilheim grollen"},"content":{"rendered":"<div>Das Staatliche Bauamt Weilheim sorgt im Oberen Isartal f\u00fcr Kopfsch\u00fctteln. Denn ab n\u00e4chster Woche kommt zu den vielen Baustellen im Landkreis noch eine weitere auf der B\u200511 dazu. Mit anderen Worten: Bald ist jede wichtige Verkehrsader in Richtung S\u00fcden unterbrochen.<\/div>\n","protected":false},"excerpt":{"rendered":"<p>Das Staatliche Bauamt Weilheim sorgt im Oberen Isartal f\u00fcr Kopfsch\u00fctteln. Denn ab n\u00e4chster Woche kommt zu den vielen Baustellen im Landkreis noch eine weitere auf der B\u200511 dazu. Mit anderen Worten: Bald ist jede wichtige Verkehrsader in Richtung S\u00fcden unterbrochen.<\/p>\n","protected":false},"author":5,"featured_media":0,"comment_status":"closed","ping_status":"open","sticky":false,"template":"","format":"standard","meta":[],"categories":[5],"tags":[],"_links":{"self":[{"href":"http:\/\/cms.mtsomnii.de\/w7\/wp-json\/wp\/v2\/posts\/15723"}],"collection":[{"href":"http:\/\/cms.mtsomnii.de\/w7\/wp-json\/wp\/v2\/posts"}],"about":[{"href":"http:\/\/cms.mtsomnii.de\/w7\/wp-json\/wp\/v2\/types\/post"}],"author":[{"embeddable":true,"href":"http:\/\/cms.mtsomnii.de\/w7\/wp-json\/wp\/v2\/users\/5"}],"replies":[{"embeddable":true,"href":"http:\/\/cms.mtsomnii.de\/w7\/wp-json\/wp\/v2\/comments?post=15723"}],"version-history":[{"count":0,"href":"http:\/\/cms.mtsomnii.de\/w7\/wp-json\/wp\/v2\/posts\/15723\/revisions"}],"wp:attachment":[{"href":"http:\/\/cms.mtsomnii.de\/w7\/wp-json\/wp\/v2\/media?parent=15723"}],"wp:term":[{"taxonomy":"category","embeddable":true,"href":"http:\/\/cms.mtsomnii.de\/w7\/wp-json\/wp\/v2\/categories?post=15723"},{"taxonomy":"post_tag","embeddable":true,"href":"http:\/\/cms.mtsomnii.de\/w7\/wp-json\/wp\/v2\/tags?post=15723"}],"curies":[{"name":"wp","href":"https:\/\/api.w.org\/{rel}","templated":true}]}}