{"id":15726,"date":"2023-09-24T17:33:54","date_gmt":"2023-09-24T15:33:54","guid":{"rendered":"http:\/\/cms.mtsomnii.de\/w7\/merkur-de-gap\/einsamkeit-ein-unterschaetztes-problem-92539269-html-15726\/"},"modified":"2023-09-24T17:33:54","modified_gmt":"2023-09-24T15:33:54","slug":"einsamkeit-ein-unterschaetztes-problem-92539269-html","status":"publish","type":"post","link":"http:\/\/cms.mtsomnii.de\/w7\/merkur-de-gap\/einsamkeit-ein-unterschaetztes-problem-92539269-html-15726\/","title":{"rendered":"Gesundheitstag mit rund 1500 Besuchern: Einsamkeit als gro\u00dfes Thema"},"content":{"rendered":"<div>Garmisch-Partenkirchen \u2013 Immer mehr Menschen in unserer Gesellschaft f\u00fchlen sich einsam: \u00c4ltere und auch J\u00fcngere. Nur die wenigsten sprechen dar\u00fcber. Wer gibt schon zu, einsam zu sein. \u201eGemeinsam in Gap \u2013 Gemeinsam gegen Einsamkeit\u201c \u2013 unter diesem Motto stand der Gesundheitstag 2023 im Kongresshaus, veranstaltet vom Landkreis Garmisch-Partenkirchen, der sich als \u201eGesundheitsregion plus\u201c versteht.<\/div>\n","protected":false},"excerpt":{"rendered":"<p>Garmisch-Partenkirchen \u2013 Immer mehr Menschen in unserer Gesellschaft f\u00fchlen sich einsam: \u00c4ltere und auch J\u00fcngere. Nur die wenigsten sprechen dar\u00fcber. Wer gibt schon zu, einsam zu sein. \u201eGemeinsam in Gap \u2013 Gemeinsam gegen Einsamkeit\u201c \u2013 unter diesem Motto stand der Gesundheitstag 2023 im Kongresshaus, veranstaltet vom Landkreis Garmisch-Partenkirchen, der sich als \u201eGesundheitsregion plus\u201c versteht.<\/p>\n","protected":false},"author":5,"featured_media":0,"comment_status":"closed","ping_status":"open","sticky":false,"template":"","format":"standard","meta":[],"categories":[5],"tags":[],"_links":{"self":[{"href":"http:\/\/cms.mtsomnii.de\/w7\/wp-json\/wp\/v2\/posts\/15726"}],"collection":[{"href":"http:\/\/cms.mtsomnii.de\/w7\/wp-json\/wp\/v2\/posts"}],"about":[{"href":"http:\/\/cms.mtsomnii.de\/w7\/wp-json\/wp\/v2\/types\/post"}],"author":[{"embeddable":true,"href":"http:\/\/cms.mtsomnii.de\/w7\/wp-json\/wp\/v2\/users\/5"}],"replies":[{"embeddable":true,"href":"http:\/\/cms.mtsomnii.de\/w7\/wp-json\/wp\/v2\/comments?post=15726"}],"version-history":[{"count":0,"href":"http:\/\/cms.mtsomnii.de\/w7\/wp-json\/wp\/v2\/posts\/15726\/revisions"}],"wp:attachment":[{"href":"http:\/\/cms.mtsomnii.de\/w7\/wp-json\/wp\/v2\/media?parent=15726"}],"wp:term":[{"taxonomy":"category","embeddable":true,"href":"http:\/\/cms.mtsomnii.de\/w7\/wp-json\/wp\/v2\/categories?post=15726"},{"taxonomy":"post_tag","embeddable":true,"href":"http:\/\/cms.mtsomnii.de\/w7\/wp-json\/wp\/v2\/tags?post=15726"}],"curies":[{"name":"wp","href":"https:\/\/api.w.org\/{rel}","templated":true}]}}