{"id":15733,"date":"2023-09-26T17:25:58","date_gmt":"2023-09-26T15:25:58","guid":{"rendered":"http:\/\/cms.mtsomnii.de\/w7\/merkur-de-gap\/fluechtlingsheim-in-premiumlage-92543969-html-15733\/"},"modified":"2023-09-26T17:25:58","modified_gmt":"2023-09-26T15:25:58","slug":"fluechtlingsheim-in-premiumlage-92543969-html","status":"publish","type":"post","link":"http:\/\/cms.mtsomnii.de\/w7\/merkur-de-gap\/fluechtlingsheim-in-premiumlage-92543969-html-15733\/","title":{"rendered":"Bis zu 120 Fl\u00fcchtlinge in Premiumlage: Hotel in Garmisch-Partenkirchen wird Asyl-Unterkunft"},"content":{"rendered":"<div>Das Landratsamt m\u00f6chte Atlas Posthotel gefl\u00fcchtete Familien aus der Ukraine unterbringen. Der Hotel- und Gastst\u00e4ttenverband ist von dieser Standortwahl nicht begeistert.<\/div>\n","protected":false},"excerpt":{"rendered":"<p>Das Landratsamt m\u00f6chte Atlas Posthotel gefl\u00fcchtete Familien aus der Ukraine unterbringen. Der Hotel- und Gastst\u00e4ttenverband ist von dieser Standortwahl nicht begeistert.<\/p>\n","protected":false},"author":5,"featured_media":0,"comment_status":"closed","ping_status":"open","sticky":false,"template":"","format":"standard","meta":[],"categories":[5],"tags":[],"_links":{"self":[{"href":"http:\/\/cms.mtsomnii.de\/w7\/wp-json\/wp\/v2\/posts\/15733"}],"collection":[{"href":"http:\/\/cms.mtsomnii.de\/w7\/wp-json\/wp\/v2\/posts"}],"about":[{"href":"http:\/\/cms.mtsomnii.de\/w7\/wp-json\/wp\/v2\/types\/post"}],"author":[{"embeddable":true,"href":"http:\/\/cms.mtsomnii.de\/w7\/wp-json\/wp\/v2\/users\/5"}],"replies":[{"embeddable":true,"href":"http:\/\/cms.mtsomnii.de\/w7\/wp-json\/wp\/v2\/comments?post=15733"}],"version-history":[{"count":0,"href":"http:\/\/cms.mtsomnii.de\/w7\/wp-json\/wp\/v2\/posts\/15733\/revisions"}],"wp:attachment":[{"href":"http:\/\/cms.mtsomnii.de\/w7\/wp-json\/wp\/v2\/media?parent=15733"}],"wp:term":[{"taxonomy":"category","embeddable":true,"href":"http:\/\/cms.mtsomnii.de\/w7\/wp-json\/wp\/v2\/categories?post=15733"},{"taxonomy":"post_tag","embeddable":true,"href":"http:\/\/cms.mtsomnii.de\/w7\/wp-json\/wp\/v2\/tags?post=15733"}],"curies":[{"name":"wp","href":"https:\/\/api.w.org\/{rel}","templated":true}]}}