{"id":15735,"date":"2023-09-27T11:25:48","date_gmt":"2023-09-27T09:25:48","guid":{"rendered":"http:\/\/cms.mtsomnii.de\/w7\/kreisbote-gap\/alkoholisierter-mann-attackiert-autofahrer-in-oberau-92545093-html-15735\/"},"modified":"2023-09-27T11:25:48","modified_gmt":"2023-09-27T09:25:48","slug":"alkoholisierter-mann-attackiert-autofahrer-in-oberau-92545093-html","status":"publish","type":"post","link":"http:\/\/cms.mtsomnii.de\/w7\/kreisbote-gap\/alkoholisierter-mann-attackiert-autofahrer-in-oberau-92545093-html-15735\/","title":{"rendered":"Chaos im Stra\u00dfenverkehr: Betrunkener Mann attackiert Autofahrer in Oberau"},"content":{"rendered":"<div>Oberau \u2013 Am Dienstagnachmittag (26. September) kam es zu einem gr\u00f6\u00dferen Polizeieinsatz, verursacht durch einen stark alkoholisierten Mann. Der 24-j\u00e4hrige, der seinen Wohnsitz in Oberau hat, fiel gegen 17:20 Uhr zun\u00e4chst dadurch auf, dass er sich auf den B\u00fcrgersteig legte. Als das Fahrzeug eines 40-j\u00e4hrigen Verkehrsteilnehmers aus der Marktgemeinde sich n\u00e4herte, sprang der junge Mann pl\u00f6tzlich auf und stellte sich vor das herannahende Fahrzeug. Der Fahrzeugf\u00fchrer konnte nur durch starkes Abbremsen eine Kollision mit dem Fu\u00dfg\u00e4nger verhindern.<\/div>\n","protected":false},"excerpt":{"rendered":"<p>Oberau \u2013 Am Dienstagnachmittag (26. September) kam es zu einem gr\u00f6\u00dferen Polizeieinsatz, verursacht durch einen stark alkoholisierten Mann. Der 24-j\u00e4hrige, der seinen Wohnsitz in Oberau hat, fiel gegen 17:20 Uhr zun\u00e4chst dadurch auf, dass er sich auf den B\u00fcrgersteig legte. Als das Fahrzeug eines 40-j\u00e4hrigen Verkehrsteilnehmers aus der Marktgemeinde sich n\u00e4herte, sprang der junge Mann pl\u00f6tzlich auf und stellte sich<\/p>\n","protected":false},"author":4,"featured_media":0,"comment_status":"closed","ping_status":"open","sticky":false,"template":"","format":"standard","meta":[],"categories":[2],"tags":[],"_links":{"self":[{"href":"http:\/\/cms.mtsomnii.de\/w7\/wp-json\/wp\/v2\/posts\/15735"}],"collection":[{"href":"http:\/\/cms.mtsomnii.de\/w7\/wp-json\/wp\/v2\/posts"}],"about":[{"href":"http:\/\/cms.mtsomnii.de\/w7\/wp-json\/wp\/v2\/types\/post"}],"author":[{"embeddable":true,"href":"http:\/\/cms.mtsomnii.de\/w7\/wp-json\/wp\/v2\/users\/4"}],"replies":[{"embeddable":true,"href":"http:\/\/cms.mtsomnii.de\/w7\/wp-json\/wp\/v2\/comments?post=15735"}],"version-history":[{"count":0,"href":"http:\/\/cms.mtsomnii.de\/w7\/wp-json\/wp\/v2\/posts\/15735\/revisions"}],"wp:attachment":[{"href":"http:\/\/cms.mtsomnii.de\/w7\/wp-json\/wp\/v2\/media?parent=15735"}],"wp:term":[{"taxonomy":"category","embeddable":true,"href":"http:\/\/cms.mtsomnii.de\/w7\/wp-json\/wp\/v2\/categories?post=15735"},{"taxonomy":"post_tag","embeddable":true,"href":"http:\/\/cms.mtsomnii.de\/w7\/wp-json\/wp\/v2\/tags?post=15735"}],"curies":[{"name":"wp","href":"https:\/\/api.w.org\/{rel}","templated":true}]}}