{"id":15739,"date":"2023-09-28T08:30:00","date_gmt":"2023-09-28T06:30:00","guid":{"rendered":"http:\/\/cms.mtsomnii.de\/w7\/merkur-de-gap\/seniorenresidenz-oberammergau-erlbachweg-buerger-versammlung-diskussion-92546385-html-15739\/"},"modified":"2023-09-28T08:30:00","modified_gmt":"2023-09-28T06:30:00","slug":"seniorenresidenz-oberammergau-erlbachweg-buerger-versammlung-diskussion-92546385-html","status":"publish","type":"post","link":"http:\/\/cms.mtsomnii.de\/w7\/merkur-de-gap\/seniorenresidenz-oberammergau-erlbachweg-buerger-versammlung-diskussion-92546385-html-15739\/","title":{"rendered":"Emotionale Debatte um Gro\u00dfprojekt: Oberammergau soll neue Seniorenresidenz bekommen"},"content":{"rendered":"<div>Bei einer Informations-Veranstaltung f\u00fcr B\u00fcrger hat die Gemeinde Oberammergau Pl\u00e4ne f\u00fcr ihre neue Seniorenresidenz vorgestellt.  Bis zu 100 Vollpflegepl\u00e4tze sollen in der neuen Einrichtung untergebracht sein.<\/div>\n","protected":false},"excerpt":{"rendered":"<p>Bei einer Informations-Veranstaltung f\u00fcr B\u00fcrger hat die Gemeinde Oberammergau Pl\u00e4ne f\u00fcr ihre neue Seniorenresidenz vorgestellt. Bis zu 100 Vollpflegepl\u00e4tze sollen in der neuen Einrichtung untergebracht sein.<\/p>\n","protected":false},"author":5,"featured_media":0,"comment_status":"closed","ping_status":"open","sticky":false,"template":"","format":"standard","meta":[],"categories":[5],"tags":[],"_links":{"self":[{"href":"http:\/\/cms.mtsomnii.de\/w7\/wp-json\/wp\/v2\/posts\/15739"}],"collection":[{"href":"http:\/\/cms.mtsomnii.de\/w7\/wp-json\/wp\/v2\/posts"}],"about":[{"href":"http:\/\/cms.mtsomnii.de\/w7\/wp-json\/wp\/v2\/types\/post"}],"author":[{"embeddable":true,"href":"http:\/\/cms.mtsomnii.de\/w7\/wp-json\/wp\/v2\/users\/5"}],"replies":[{"embeddable":true,"href":"http:\/\/cms.mtsomnii.de\/w7\/wp-json\/wp\/v2\/comments?post=15739"}],"version-history":[{"count":0,"href":"http:\/\/cms.mtsomnii.de\/w7\/wp-json\/wp\/v2\/posts\/15739\/revisions"}],"wp:attachment":[{"href":"http:\/\/cms.mtsomnii.de\/w7\/wp-json\/wp\/v2\/media?parent=15739"}],"wp:term":[{"taxonomy":"category","embeddable":true,"href":"http:\/\/cms.mtsomnii.de\/w7\/wp-json\/wp\/v2\/categories?post=15739"},{"taxonomy":"post_tag","embeddable":true,"href":"http:\/\/cms.mtsomnii.de\/w7\/wp-json\/wp\/v2\/tags?post=15739"}],"curies":[{"name":"wp","href":"https:\/\/api.w.org\/{rel}","templated":true}]}}