{"id":15790,"date":"2023-10-13T09:57:41","date_gmt":"2023-10-13T07:57:41","guid":{"rendered":"http:\/\/cms.mtsomnii.de\/w7\/merkur-de-gap\/brauhaus-garmisch-eroeffnungsfeier-in-der-bayernhalle-92575303-html-15790\/"},"modified":"2023-10-13T09:57:41","modified_gmt":"2023-10-13T07:57:41","slug":"brauhaus-garmisch-eroeffnungsfeier-in-der-bayernhalle-92575303-html","status":"publish","type":"post","link":"http:\/\/cms.mtsomnii.de\/w7\/merkur-de-gap\/brauhaus-garmisch-eroeffnungsfeier-in-der-bayernhalle-92575303-html-15790\/","title":{"rendered":"Brauhaus Garmisch: Jetzt wird in der Bayernhalle gefeiert &#8211; \u201eDa muss sich gscheid was r\u00fchren\u201c"},"content":{"rendered":"<div>Im Brauhaus Garmisch wird gebraut, auch die Gastst\u00e4tte ist ge\u00f6ffnet. Das Gro\u00dfprojekt der beiden Garmisch-Partenkirchner Antonius Huber und Alexander M\u00fcller l\u00e4uft. Nun wird gefeiert: am Samstag in der Bayernhalle mit Musikkapelle und Bierzeltatmosph\u00e4re.<\/div>\n","protected":false},"excerpt":{"rendered":"<p>Im Brauhaus Garmisch wird gebraut, auch die Gastst\u00e4tte ist ge\u00f6ffnet. Das Gro\u00dfprojekt der beiden Garmisch-Partenkirchner Antonius Huber und Alexander M\u00fcller l\u00e4uft. Nun wird gefeiert: am Samstag in der Bayernhalle mit Musikkapelle und Bierzeltatmosph\u00e4re.<\/p>\n","protected":false},"author":5,"featured_media":0,"comment_status":"closed","ping_status":"open","sticky":false,"template":"","format":"standard","meta":[],"categories":[5],"tags":[],"_links":{"self":[{"href":"http:\/\/cms.mtsomnii.de\/w7\/wp-json\/wp\/v2\/posts\/15790"}],"collection":[{"href":"http:\/\/cms.mtsomnii.de\/w7\/wp-json\/wp\/v2\/posts"}],"about":[{"href":"http:\/\/cms.mtsomnii.de\/w7\/wp-json\/wp\/v2\/types\/post"}],"author":[{"embeddable":true,"href":"http:\/\/cms.mtsomnii.de\/w7\/wp-json\/wp\/v2\/users\/5"}],"replies":[{"embeddable":true,"href":"http:\/\/cms.mtsomnii.de\/w7\/wp-json\/wp\/v2\/comments?post=15790"}],"version-history":[{"count":0,"href":"http:\/\/cms.mtsomnii.de\/w7\/wp-json\/wp\/v2\/posts\/15790\/revisions"}],"wp:attachment":[{"href":"http:\/\/cms.mtsomnii.de\/w7\/wp-json\/wp\/v2\/media?parent=15790"}],"wp:term":[{"taxonomy":"category","embeddable":true,"href":"http:\/\/cms.mtsomnii.de\/w7\/wp-json\/wp\/v2\/categories?post=15790"},{"taxonomy":"post_tag","embeddable":true,"href":"http:\/\/cms.mtsomnii.de\/w7\/wp-json\/wp\/v2\/tags?post=15790"}],"curies":[{"name":"wp","href":"https:\/\/api.w.org\/{rel}","templated":true}]}}