{"id":15796,"date":"2023-10-13T19:00:00","date_gmt":"2023-10-13T17:00:00","guid":{"rendered":"http:\/\/cms.mtsomnii.de\/w7\/merkur-de-gap\/neuer-radweg-wird-doerfer-verbinden-92576506-html-15796\/"},"modified":"2023-10-13T19:00:00","modified_gmt":"2023-10-13T17:00:00","slug":"neuer-radweg-wird-doerfer-verbinden-92576506-html","status":"publish","type":"post","link":"http:\/\/cms.mtsomnii.de\/w7\/merkur-de-gap\/neuer-radweg-wird-doerfer-verbinden-92576506-html-15796\/","title":{"rendered":"Neuer Radweg wird D\u00f6rfer verbinden"},"content":{"rendered":"<div>Zwischen Sch\u00f6ffau und Uffing soll entlang der Kreisstra\u00dfe GAP 2 ein neuer Radweg entstehen. Die Planung hat der Landkreis \u00fcbernommen, die Kosten daf\u00fcr und f\u00fcr den Bau teilen sich der Kreis und die Gemeinde Uffing.<\/div>\n","protected":false},"excerpt":{"rendered":"<p>Zwischen Sch\u00f6ffau und Uffing soll entlang der Kreisstra\u00dfe GAP 2 ein neuer Radweg entstehen. Die Planung hat der Landkreis \u00fcbernommen, die Kosten daf\u00fcr und f\u00fcr den Bau teilen sich der Kreis und die Gemeinde Uffing.<\/p>\n","protected":false},"author":5,"featured_media":0,"comment_status":"closed","ping_status":"open","sticky":false,"template":"","format":"standard","meta":[],"categories":[5],"tags":[],"_links":{"self":[{"href":"http:\/\/cms.mtsomnii.de\/w7\/wp-json\/wp\/v2\/posts\/15796"}],"collection":[{"href":"http:\/\/cms.mtsomnii.de\/w7\/wp-json\/wp\/v2\/posts"}],"about":[{"href":"http:\/\/cms.mtsomnii.de\/w7\/wp-json\/wp\/v2\/types\/post"}],"author":[{"embeddable":true,"href":"http:\/\/cms.mtsomnii.de\/w7\/wp-json\/wp\/v2\/users\/5"}],"replies":[{"embeddable":true,"href":"http:\/\/cms.mtsomnii.de\/w7\/wp-json\/wp\/v2\/comments?post=15796"}],"version-history":[{"count":0,"href":"http:\/\/cms.mtsomnii.de\/w7\/wp-json\/wp\/v2\/posts\/15796\/revisions"}],"wp:attachment":[{"href":"http:\/\/cms.mtsomnii.de\/w7\/wp-json\/wp\/v2\/media?parent=15796"}],"wp:term":[{"taxonomy":"category","embeddable":true,"href":"http:\/\/cms.mtsomnii.de\/w7\/wp-json\/wp\/v2\/categories?post=15796"},{"taxonomy":"post_tag","embeddable":true,"href":"http:\/\/cms.mtsomnii.de\/w7\/wp-json\/wp\/v2\/tags?post=15796"}],"curies":[{"name":"wp","href":"https:\/\/api.w.org\/{rel}","templated":true}]}}