{"id":15802,"date":"2023-10-17T08:00:00","date_gmt":"2023-10-17T06:00:00","guid":{"rendered":"http:\/\/cms.mtsomnii.de\/w7\/merkur-de-gap\/tennsee-wie-vom-erdboden-verschluckt-92581412-html-15802\/"},"modified":"2023-10-17T08:00:00","modified_gmt":"2023-10-17T06:00:00","slug":"tennsee-wie-vom-erdboden-verschluckt-92581412-html","status":"publish","type":"post","link":"http:\/\/cms.mtsomnii.de\/w7\/merkur-de-gap\/tennsee-wie-vom-erdboden-verschluckt-92581412-html-15802\/","title":{"rendered":"Tennsee \u2013 wie vom Erdboden verschluckt"},"content":{"rendered":"<div>Mal ist er da, die meiste Zeit aber ist er weg: Der Tennsee bei Kr\u00fcn kommt und geht. Aktuell ist das Gew\u00e4sser am gleichnamigen AlpenCaravanpark komplett verschwunden. Die Eigent\u00fcmer-Familie kennt dieses Naturph\u00e4nomen aus dem Effeff. Doch die Trockenphasen werden merklich l\u00e4nger.<\/div>\n","protected":false},"excerpt":{"rendered":"<p>Mal ist er da, die meiste Zeit aber ist er weg: Der Tennsee bei Kr\u00fcn kommt und geht. Aktuell ist das Gew\u00e4sser am gleichnamigen AlpenCaravanpark komplett verschwunden. Die Eigent\u00fcmer-Familie kennt dieses Naturph\u00e4nomen aus dem Effeff. Doch die Trockenphasen werden merklich l\u00e4nger.<\/p>\n","protected":false},"author":5,"featured_media":0,"comment_status":"closed","ping_status":"open","sticky":false,"template":"","format":"standard","meta":[],"categories":[5],"tags":[],"_links":{"self":[{"href":"http:\/\/cms.mtsomnii.de\/w7\/wp-json\/wp\/v2\/posts\/15802"}],"collection":[{"href":"http:\/\/cms.mtsomnii.de\/w7\/wp-json\/wp\/v2\/posts"}],"about":[{"href":"http:\/\/cms.mtsomnii.de\/w7\/wp-json\/wp\/v2\/types\/post"}],"author":[{"embeddable":true,"href":"http:\/\/cms.mtsomnii.de\/w7\/wp-json\/wp\/v2\/users\/5"}],"replies":[{"embeddable":true,"href":"http:\/\/cms.mtsomnii.de\/w7\/wp-json\/wp\/v2\/comments?post=15802"}],"version-history":[{"count":0,"href":"http:\/\/cms.mtsomnii.de\/w7\/wp-json\/wp\/v2\/posts\/15802\/revisions"}],"wp:attachment":[{"href":"http:\/\/cms.mtsomnii.de\/w7\/wp-json\/wp\/v2\/media?parent=15802"}],"wp:term":[{"taxonomy":"category","embeddable":true,"href":"http:\/\/cms.mtsomnii.de\/w7\/wp-json\/wp\/v2\/categories?post=15802"},{"taxonomy":"post_tag","embeddable":true,"href":"http:\/\/cms.mtsomnii.de\/w7\/wp-json\/wp\/v2\/tags?post=15802"}],"curies":[{"name":"wp","href":"https:\/\/api.w.org\/{rel}","templated":true}]}}