{"id":15816,"date":"2023-10-17T15:13:03","date_gmt":"2023-10-17T13:13:03","guid":{"rendered":"http:\/\/cms.mtsomnii.de\/w7\/kreisbote-gap\/sicher-mit-dem-fahrrad-zur-schule-in-garmisch-partenkirchen-92583008-html-2-15816\/"},"modified":"2023-10-17T15:13:03","modified_gmt":"2023-10-17T13:13:03","slug":"sicher-mit-dem-fahrrad-zur-schule-in-garmisch-partenkirchen-92583008-html-2","status":"publish","type":"post","link":"http:\/\/cms.mtsomnii.de\/w7\/kreisbote-gap\/sicher-mit-dem-fahrrad-zur-schule-in-garmisch-partenkirchen-92583008-html-2-15816\/","title":{"rendered":"Aktion \u201eSicher mit dem Fahrrad zur Schule\u201c in Garmisch-Partenkirchen findet vom 23. bis 27. Oktober statt"},"content":{"rendered":"<div>\u00c4hnlich wie im letzten Jahr werden in der Woche vom 23. bis 27. Oktober im Rahmen der Schulweg\u00fcberwachung gezielte \u00dcberpr\u00fcfungen der Fahrr\u00e4der von Sch\u00fclerinnen und Sch\u00fclern durchgef\u00fchrt. Das Hauptziel der Pr\u00e4ventionsaktion \u201eSicher mit dem Fahrrad zur Schule\u201c ist es, die Verkehrssicherheit f\u00fcr Radfahrer zu erh\u00f6hen. Besonders in der dunklen Jahreszeit ist eine funktionierende Beleuchtungseinrichtung von entscheidender Bedeutung f\u00fcr die Sichtbarkeit im Stra\u00dfenverkehr. Wenn M\u00e4ngel festgestellt werden, werden diese schriftlich in einer \u201eMitteilung \u00fcber Fahrzeugm\u00e4ngel\u201c dokumentiert. Die Eltern werden dann gebeten, gemeinsam mit ihren Kindern diese M\u00e4ngel zu beheben und sie bei der Polizeiinspektion Garmisch-Partenkirchen \u00fcberpr\u00fcfen zu lassen. Aufgrund der Erfahrung aus dem letzten Jahr, dass freundliche Hinweise oder m\u00fcndliche Verwarnungen nur begrenzte Wirkung zeigen, werden Verst\u00f6\u00dfe in diesem Jahr bei Jugendlichen, die strafm\u00fcndig sind (ab dem 14. Lebensjahr), in der Regel mit Kosten belegt (z.B. 20 \u20ac f\u00fcr fehlende Beleuchtungseinrichtungen).<\/div>\n","protected":false},"excerpt":{"rendered":"<p>\u00c4hnlich wie im letzten Jahr werden in der Woche vom 23. bis 27. Oktober im Rahmen der Schulweg\u00fcberwachung gezielte \u00dcberpr\u00fcfungen der Fahrr\u00e4der von Sch\u00fclerinnen und Sch\u00fclern durchgef\u00fchrt. Das Hauptziel der Pr\u00e4ventionsaktion \u201eSicher mit dem Fahrrad zur Schule\u201c ist es, die Verkehrssicherheit f\u00fcr Radfahrer zu erh\u00f6hen. Besonders in der dunklen Jahreszeit ist eine funktionierende Beleuchtungseinrichtung von entscheidender Bedeutung f\u00fcr die Sichtbarkeit<\/p>\n","protected":false},"author":4,"featured_media":0,"comment_status":"closed","ping_status":"open","sticky":false,"template":"","format":"standard","meta":[],"categories":[2],"tags":[],"_links":{"self":[{"href":"http:\/\/cms.mtsomnii.de\/w7\/wp-json\/wp\/v2\/posts\/15816"}],"collection":[{"href":"http:\/\/cms.mtsomnii.de\/w7\/wp-json\/wp\/v2\/posts"}],"about":[{"href":"http:\/\/cms.mtsomnii.de\/w7\/wp-json\/wp\/v2\/types\/post"}],"author":[{"embeddable":true,"href":"http:\/\/cms.mtsomnii.de\/w7\/wp-json\/wp\/v2\/users\/4"}],"replies":[{"embeddable":true,"href":"http:\/\/cms.mtsomnii.de\/w7\/wp-json\/wp\/v2\/comments?post=15816"}],"version-history":[{"count":0,"href":"http:\/\/cms.mtsomnii.de\/w7\/wp-json\/wp\/v2\/posts\/15816\/revisions"}],"wp:attachment":[{"href":"http:\/\/cms.mtsomnii.de\/w7\/wp-json\/wp\/v2\/media?parent=15816"}],"wp:term":[{"taxonomy":"category","embeddable":true,"href":"http:\/\/cms.mtsomnii.de\/w7\/wp-json\/wp\/v2\/categories?post=15816"},{"taxonomy":"post_tag","embeddable":true,"href":"http:\/\/cms.mtsomnii.de\/w7\/wp-json\/wp\/v2\/tags?post=15816"}],"curies":[{"name":"wp","href":"https:\/\/api.w.org\/{rel}","templated":true}]}}