{"id":15845,"date":"2023-10-23T17:31:37","date_gmt":"2023-10-23T15:31:37","guid":{"rendered":"http:\/\/cms.mtsomnii.de\/w7\/merkur-de-gap\/afd-mann-mutschlechner-zieht-im-zweiten-anlauf-in-den-kreistag-92597146-html-15845\/"},"modified":"2023-10-23T17:31:37","modified_gmt":"2023-10-23T15:31:37","slug":"afd-mann-mutschlechner-zieht-im-zweiten-anlauf-in-den-kreistag-92597146-html","status":"publish","type":"post","link":"http:\/\/cms.mtsomnii.de\/w7\/merkur-de-gap\/afd-mann-mutschlechner-zieht-im-zweiten-anlauf-in-den-kreistag-92597146-html-15845\/","title":{"rendered":"Zweiter Anlauf: AfD-Nachr\u00fccker Albert Mutschlechner zieht in den Kreistag"},"content":{"rendered":"<div>Diese Entscheidung hatte sich abgezeichnet: Der Kreistag stimmte im zweiten Anlauf und trotz vieler Bedenken mit einer deutlichen 38:11-Mehrheit zu, den umstrittenen AfD-Nachr\u00fccker Albert Mutschlechner aufzunehmen. Dieser zeigt sich, konfrontiert mit seinen mindestens fragw\u00fcrdigen Facebook-Posts, reum\u00fctig.<\/div>\n","protected":false},"excerpt":{"rendered":"<p>Diese Entscheidung hatte sich abgezeichnet: Der Kreistag stimmte im zweiten Anlauf und trotz vieler Bedenken mit einer deutlichen 38:11-Mehrheit zu, den umstrittenen AfD-Nachr\u00fccker Albert Mutschlechner aufzunehmen. Dieser zeigt sich, konfrontiert mit seinen mindestens fragw\u00fcrdigen Facebook-Posts, reum\u00fctig.<\/p>\n","protected":false},"author":5,"featured_media":0,"comment_status":"closed","ping_status":"open","sticky":false,"template":"","format":"standard","meta":[],"categories":[5],"tags":[],"_links":{"self":[{"href":"http:\/\/cms.mtsomnii.de\/w7\/wp-json\/wp\/v2\/posts\/15845"}],"collection":[{"href":"http:\/\/cms.mtsomnii.de\/w7\/wp-json\/wp\/v2\/posts"}],"about":[{"href":"http:\/\/cms.mtsomnii.de\/w7\/wp-json\/wp\/v2\/types\/post"}],"author":[{"embeddable":true,"href":"http:\/\/cms.mtsomnii.de\/w7\/wp-json\/wp\/v2\/users\/5"}],"replies":[{"embeddable":true,"href":"http:\/\/cms.mtsomnii.de\/w7\/wp-json\/wp\/v2\/comments?post=15845"}],"version-history":[{"count":0,"href":"http:\/\/cms.mtsomnii.de\/w7\/wp-json\/wp\/v2\/posts\/15845\/revisions"}],"wp:attachment":[{"href":"http:\/\/cms.mtsomnii.de\/w7\/wp-json\/wp\/v2\/media?parent=15845"}],"wp:term":[{"taxonomy":"category","embeddable":true,"href":"http:\/\/cms.mtsomnii.de\/w7\/wp-json\/wp\/v2\/categories?post=15845"},{"taxonomy":"post_tag","embeddable":true,"href":"http:\/\/cms.mtsomnii.de\/w7\/wp-json\/wp\/v2\/tags?post=15845"}],"curies":[{"name":"wp","href":"https:\/\/api.w.org\/{rel}","templated":true}]}}