{"id":15848,"date":"2023-10-24T16:54:22","date_gmt":"2023-10-24T14:54:22","guid":{"rendered":"http:\/\/cms.mtsomnii.de\/w7\/merkur-de-gap\/feldkreuz-geschaendet-fuesse-abgerissen-92599138-html-15848\/"},"modified":"2023-10-24T16:54:22","modified_gmt":"2023-10-24T14:54:22","slug":"feldkreuz-geschaendet-fuesse-abgerissen-92599138-html","status":"publish","type":"post","link":"http:\/\/cms.mtsomnii.de\/w7\/merkur-de-gap\/feldkreuz-geschaendet-fuesse-abgerissen-92599138-html-15848\/","title":{"rendered":"Nahe der Partnachklamm: Unbekannte sch\u00e4nden Feldkreuz und rei\u00dfen Christus-Figur die F\u00fc\u00dfe ab"},"content":{"rendered":"<div>Der Jesus-Figur fehlen die F\u00fc\u00dfe. Unbekannte haben sie an einem Feldkreuz in Garmisch-Partenkirchen einfach abgerissen. Und zwar mit brachialer Gewalt.<\/div>\n","protected":false},"excerpt":{"rendered":"<p>Der Jesus-Figur fehlen die F\u00fc\u00dfe. Unbekannte haben sie an einem Feldkreuz in Garmisch-Partenkirchen einfach abgerissen. Und zwar mit brachialer Gewalt.<\/p>\n","protected":false},"author":5,"featured_media":0,"comment_status":"closed","ping_status":"open","sticky":false,"template":"","format":"standard","meta":[],"categories":[5],"tags":[],"_links":{"self":[{"href":"http:\/\/cms.mtsomnii.de\/w7\/wp-json\/wp\/v2\/posts\/15848"}],"collection":[{"href":"http:\/\/cms.mtsomnii.de\/w7\/wp-json\/wp\/v2\/posts"}],"about":[{"href":"http:\/\/cms.mtsomnii.de\/w7\/wp-json\/wp\/v2\/types\/post"}],"author":[{"embeddable":true,"href":"http:\/\/cms.mtsomnii.de\/w7\/wp-json\/wp\/v2\/users\/5"}],"replies":[{"embeddable":true,"href":"http:\/\/cms.mtsomnii.de\/w7\/wp-json\/wp\/v2\/comments?post=15848"}],"version-history":[{"count":0,"href":"http:\/\/cms.mtsomnii.de\/w7\/wp-json\/wp\/v2\/posts\/15848\/revisions"}],"wp:attachment":[{"href":"http:\/\/cms.mtsomnii.de\/w7\/wp-json\/wp\/v2\/media?parent=15848"}],"wp:term":[{"taxonomy":"category","embeddable":true,"href":"http:\/\/cms.mtsomnii.de\/w7\/wp-json\/wp\/v2\/categories?post=15848"},{"taxonomy":"post_tag","embeddable":true,"href":"http:\/\/cms.mtsomnii.de\/w7\/wp-json\/wp\/v2\/tags?post=15848"}],"curies":[{"name":"wp","href":"https:\/\/api.w.org\/{rel}","templated":true}]}}