{"id":16062,"date":"2024-02-02T10:00:00","date_gmt":"2024-02-02T09:00:00","guid":{"rendered":"http:\/\/cms.mtsomnii.de\/w7\/merkur-de-gap\/angst-vor-dem-ausweichverkehr-92809488-html-16062\/"},"modified":"2024-02-02T10:00:00","modified_gmt":"2024-02-02T09:00:00","slug":"angst-vor-dem-ausweichverkehr-92809488-html","status":"publish","type":"post","link":"http:\/\/cms.mtsomnii.de\/w7\/merkur-de-gap\/angst-vor-dem-ausweichverkehr-92809488-html-16062\/","title":{"rendered":"Fernpass-Maut: Ettal f\u00fcrchtet gewaltigen Ausweichverkehr &#8211; Bitte an die B\u00fcrgermeisterin"},"content":{"rendered":"<div>Die Maut am Fernpass kommt. Und mit ihr wohl unsch\u00f6ne Folgen f\u00fcr gewisse Strecken in Bayern. Dass der Verkehr auf der B23 im Ammertal zunimmt, diese Sorge wurde im Gemeinderat Ettal laut.<\/div>\n","protected":false},"excerpt":{"rendered":"<p>Die Maut am Fernpass kommt. Und mit ihr wohl unsch\u00f6ne Folgen f\u00fcr gewisse Strecken in Bayern. Dass der Verkehr auf der B23 im Ammertal zunimmt, diese Sorge wurde im Gemeinderat Ettal laut.<\/p>\n","protected":false},"author":5,"featured_media":0,"comment_status":"closed","ping_status":"open","sticky":false,"template":"","format":"standard","meta":[],"categories":[5],"tags":[],"_links":{"self":[{"href":"http:\/\/cms.mtsomnii.de\/w7\/wp-json\/wp\/v2\/posts\/16062"}],"collection":[{"href":"http:\/\/cms.mtsomnii.de\/w7\/wp-json\/wp\/v2\/posts"}],"about":[{"href":"http:\/\/cms.mtsomnii.de\/w7\/wp-json\/wp\/v2\/types\/post"}],"author":[{"embeddable":true,"href":"http:\/\/cms.mtsomnii.de\/w7\/wp-json\/wp\/v2\/users\/5"}],"replies":[{"embeddable":true,"href":"http:\/\/cms.mtsomnii.de\/w7\/wp-json\/wp\/v2\/comments?post=16062"}],"version-history":[{"count":0,"href":"http:\/\/cms.mtsomnii.de\/w7\/wp-json\/wp\/v2\/posts\/16062\/revisions"}],"wp:attachment":[{"href":"http:\/\/cms.mtsomnii.de\/w7\/wp-json\/wp\/v2\/media?parent=16062"}],"wp:term":[{"taxonomy":"category","embeddable":true,"href":"http:\/\/cms.mtsomnii.de\/w7\/wp-json\/wp\/v2\/categories?post=16062"},{"taxonomy":"post_tag","embeddable":true,"href":"http:\/\/cms.mtsomnii.de\/w7\/wp-json\/wp\/v2\/tags?post=16062"}],"curies":[{"name":"wp","href":"https:\/\/api.w.org\/{rel}","templated":true}]}}