{"id":16063,"date":"2024-02-02T11:53:00","date_gmt":"2024-02-02T10:53:00","guid":{"rendered":"http:\/\/cms.mtsomnii.de\/w7\/merkur-de-gap\/woelfe-verlieren-die-scheu-92809367-html-16063\/"},"modified":"2024-02-02T11:53:00","modified_gmt":"2024-02-02T10:53:00","slug":"woelfe-verlieren-die-scheu-92809367-html","status":"publish","type":"post","link":"http:\/\/cms.mtsomnii.de\/w7\/merkur-de-gap\/woelfe-verlieren-die-scheu-92809367-html-16063\/","title":{"rendered":"Manche W\u00f6lfe verlieren die Scheu: Appell zur Vorsicht &#8211; Riss bei Sch\u00f6ffau wird gepr\u00fcft"},"content":{"rendered":"<div>Der Wolf macht sich breit und damit h\u00e4ufen sich auch die Risse. Ob das Raubtier auch ein Hirschkalb im Sch\u00f6ffauer Gebiet get\u00f6tet hat, steht noch nicht offiziell fest. Unabh\u00e4ngig davon raten der Jagdp\u00e4chter und der Vorsitzende der Jagdgenossenschaft den B\u00fcrgern, die in der Landschaft unterwegs sind, vorsichtig zu sein.<\/div>\n","protected":false},"excerpt":{"rendered":"<p>Der Wolf macht sich breit und damit h\u00e4ufen sich auch die Risse. Ob das Raubtier auch ein Hirschkalb im Sch\u00f6ffauer Gebiet get\u00f6tet hat, steht noch nicht offiziell fest. Unabh\u00e4ngig davon raten der Jagdp\u00e4chter und der Vorsitzende der Jagdgenossenschaft den B\u00fcrgern, die in der Landschaft unterwegs sind, vorsichtig zu sein.<\/p>\n","protected":false},"author":5,"featured_media":0,"comment_status":"closed","ping_status":"open","sticky":false,"template":"","format":"standard","meta":[],"categories":[5],"tags":[],"_links":{"self":[{"href":"http:\/\/cms.mtsomnii.de\/w7\/wp-json\/wp\/v2\/posts\/16063"}],"collection":[{"href":"http:\/\/cms.mtsomnii.de\/w7\/wp-json\/wp\/v2\/posts"}],"about":[{"href":"http:\/\/cms.mtsomnii.de\/w7\/wp-json\/wp\/v2\/types\/post"}],"author":[{"embeddable":true,"href":"http:\/\/cms.mtsomnii.de\/w7\/wp-json\/wp\/v2\/users\/5"}],"replies":[{"embeddable":true,"href":"http:\/\/cms.mtsomnii.de\/w7\/wp-json\/wp\/v2\/comments?post=16063"}],"version-history":[{"count":0,"href":"http:\/\/cms.mtsomnii.de\/w7\/wp-json\/wp\/v2\/posts\/16063\/revisions"}],"wp:attachment":[{"href":"http:\/\/cms.mtsomnii.de\/w7\/wp-json\/wp\/v2\/media?parent=16063"}],"wp:term":[{"taxonomy":"category","embeddable":true,"href":"http:\/\/cms.mtsomnii.de\/w7\/wp-json\/wp\/v2\/categories?post=16063"},{"taxonomy":"post_tag","embeddable":true,"href":"http:\/\/cms.mtsomnii.de\/w7\/wp-json\/wp\/v2\/tags?post=16063"}],"curies":[{"name":"wp","href":"https:\/\/api.w.org\/{rel}","templated":true}]}}