{"id":16101,"date":"2024-02-03T13:00:00","date_gmt":"2024-02-03T12:00:00","guid":{"rendered":"http:\/\/cms.mtsomnii.de\/w7\/merkur-de-gap\/waechter-der-hoelle-kandahar-weltcup-skifahrer-abfahrer-92811843-html-3-16101\/"},"modified":"2024-02-03T13:00:00","modified_gmt":"2024-02-03T12:00:00","slug":"waechter-der-hoelle-kandahar-weltcup-skifahrer-abfahrer-92811843-html-3","status":"publish","type":"post","link":"http:\/\/cms.mtsomnii.de\/w7\/merkur-de-gap\/waechter-der-hoelle-kandahar-weltcup-skifahrer-abfahrer-92811843-html-3-16101\/","title":{"rendered":"W\u00e4chter der H\u00f6lle: J\u00fcrgen Sturm sorgt im gef\u00e4hrlichsten Abschnitt der Kandahar f\u00fcr die Sicherheit"},"content":{"rendered":"<div>Als Teamleiter steht J\u00fcrgen Sturm w\u00e4hrend des Kandaharrennens am oberen Drittel der H\u00f6lle und hat diese immer unter Kontrolle.<\/div>\n","protected":false},"excerpt":{"rendered":"<p>Als Teamleiter steht J\u00fcrgen Sturm w\u00e4hrend des Kandaharrennens am oberen Drittel der H\u00f6lle und hat diese immer unter Kontrolle.<\/p>\n","protected":false},"author":5,"featured_media":0,"comment_status":"closed","ping_status":"open","sticky":false,"template":"","format":"standard","meta":[],"categories":[5],"tags":[],"_links":{"self":[{"href":"http:\/\/cms.mtsomnii.de\/w7\/wp-json\/wp\/v2\/posts\/16101"}],"collection":[{"href":"http:\/\/cms.mtsomnii.de\/w7\/wp-json\/wp\/v2\/posts"}],"about":[{"href":"http:\/\/cms.mtsomnii.de\/w7\/wp-json\/wp\/v2\/types\/post"}],"author":[{"embeddable":true,"href":"http:\/\/cms.mtsomnii.de\/w7\/wp-json\/wp\/v2\/users\/5"}],"replies":[{"embeddable":true,"href":"http:\/\/cms.mtsomnii.de\/w7\/wp-json\/wp\/v2\/comments?post=16101"}],"version-history":[{"count":0,"href":"http:\/\/cms.mtsomnii.de\/w7\/wp-json\/wp\/v2\/posts\/16101\/revisions"}],"wp:attachment":[{"href":"http:\/\/cms.mtsomnii.de\/w7\/wp-json\/wp\/v2\/media?parent=16101"}],"wp:term":[{"taxonomy":"category","embeddable":true,"href":"http:\/\/cms.mtsomnii.de\/w7\/wp-json\/wp\/v2\/categories?post=16101"},{"taxonomy":"post_tag","embeddable":true,"href":"http:\/\/cms.mtsomnii.de\/w7\/wp-json\/wp\/v2\/tags?post=16101"}],"curies":[{"name":"wp","href":"https:\/\/api.w.org\/{rel}","templated":true}]}}