{"id":16105,"date":"2024-02-05T09:40:17","date_gmt":"2024-02-05T08:40:17","guid":{"rendered":"http:\/\/cms.mtsomnii.de\/w7\/merkur-de-gap\/flixbus-neue-haltestelle-verzoegert-sich-92814626-html-3-16105\/"},"modified":"2024-02-05T09:40:17","modified_gmt":"2024-02-05T08:40:17","slug":"flixbus-neue-haltestelle-verzoegert-sich-92814626-html-3","status":"publish","type":"post","link":"http:\/\/cms.mtsomnii.de\/w7\/merkur-de-gap\/flixbus-neue-haltestelle-verzoegert-sich-92814626-html-3-16105\/","title":{"rendered":"Flixbus: Neue Haltestelle verz\u00f6gert sich &#8211; B\u00fcrgermeister wundert sich"},"content":{"rendered":"<div>Die Fahrg\u00e4ste warten zurzeit vergebens am neuen Haltepunkt an der Ladestra\u00dfe Ost auf den Flixbus. Start h\u00e4tte eigentlich am 15. Januar sein sollen. Doch die gr\u00fcnen Riesen steuern nach wie vor die Alpenkorpsstra\u00dfe an. Der Grund: Es fehlt noch die Genehmigung.<\/div>\n","protected":false},"excerpt":{"rendered":"<p>Die Fahrg\u00e4ste warten zurzeit vergebens am neuen Haltepunkt an der Ladestra\u00dfe Ost auf den Flixbus. Start h\u00e4tte eigentlich am 15. Januar sein sollen. Doch die gr\u00fcnen Riesen steuern nach wie vor die Alpenkorpsstra\u00dfe an. Der Grund: Es fehlt noch die Genehmigung.<\/p>\n","protected":false},"author":5,"featured_media":0,"comment_status":"closed","ping_status":"open","sticky":false,"template":"","format":"standard","meta":[],"categories":[5],"tags":[],"_links":{"self":[{"href":"http:\/\/cms.mtsomnii.de\/w7\/wp-json\/wp\/v2\/posts\/16105"}],"collection":[{"href":"http:\/\/cms.mtsomnii.de\/w7\/wp-json\/wp\/v2\/posts"}],"about":[{"href":"http:\/\/cms.mtsomnii.de\/w7\/wp-json\/wp\/v2\/types\/post"}],"author":[{"embeddable":true,"href":"http:\/\/cms.mtsomnii.de\/w7\/wp-json\/wp\/v2\/users\/5"}],"replies":[{"embeddable":true,"href":"http:\/\/cms.mtsomnii.de\/w7\/wp-json\/wp\/v2\/comments?post=16105"}],"version-history":[{"count":0,"href":"http:\/\/cms.mtsomnii.de\/w7\/wp-json\/wp\/v2\/posts\/16105\/revisions"}],"wp:attachment":[{"href":"http:\/\/cms.mtsomnii.de\/w7\/wp-json\/wp\/v2\/media?parent=16105"}],"wp:term":[{"taxonomy":"category","embeddable":true,"href":"http:\/\/cms.mtsomnii.de\/w7\/wp-json\/wp\/v2\/categories?post=16105"},{"taxonomy":"post_tag","embeddable":true,"href":"http:\/\/cms.mtsomnii.de\/w7\/wp-json\/wp\/v2\/tags?post=16105"}],"curies":[{"name":"wp","href":"https:\/\/api.w.org\/{rel}","templated":true}]}}