{"id":16132,"date":"2024-02-01T13:50:10","date_gmt":"2024-02-01T12:50:10","guid":{"rendered":"http:\/\/cms.mtsomnii.de\/w7\/kreisbote-gap\/konzert-highlight-in-garmisch-partenkirchen-am-kommenden-samstag-92808554-html-5-16132\/"},"modified":"2024-02-01T13:50:10","modified_gmt":"2024-02-01T12:50:10","slug":"konzert-highlight-in-garmisch-partenkirchen-am-kommenden-samstag-92808554-html-5","status":"publish","type":"post","link":"http:\/\/cms.mtsomnii.de\/w7\/kreisbote-gap\/konzert-highlight-in-garmisch-partenkirchen-am-kommenden-samstag-92808554-html-5-16132\/","title":{"rendered":"Konzert-Highlight in Garmisch-Partenkirchen: 2. Sinfoniekonzert findet am kommenden Samstag statt"},"content":{"rendered":"<div>GAP &#8211; Joseph Sebastian, seit der Saison 2023\/24 Chefdirigent und K\u00fcnstlerischer Leiter der M\u00fcnchner Symphoniker, stellt sich am kommenden Samstag dem Werdenfelser Publikum vor. Schon jetzt wird er f\u00fcr sein sicheres Auftreten, f\u00fcr seine absolute Pr\u00e4zision gefeiert. Nicht die einzige Premiere beim 2. Sinfoniekonzert im Festsaal Werdenfels des Garmisch-Partenkirchner Kongresshauses. Auch die 38-j\u00e4hrige Violinistin Alena Baeva ist zum ersten Mal unter der Alpspitze zu h\u00f6ren. Und das mit einem fulminanten Werk, mit dem Violinkonzert D-Dur op. 61 von Ludwig van Beethoven (1770 \u2013 1828).<\/div>\n","protected":false},"excerpt":{"rendered":"<p>GAP &#8211; Joseph Sebastian, seit der Saison 2023\/24 Chefdirigent und K\u00fcnstlerischer Leiter der M\u00fcnchner Symphoniker, stellt sich am kommenden Samstag dem Werdenfelser Publikum vor. Schon jetzt wird er f\u00fcr sein sicheres Auftreten, f\u00fcr seine absolute Pr\u00e4zision gefeiert. Nicht die einzige Premiere beim 2. Sinfoniekonzert im Festsaal Werdenfels des Garmisch-Partenkirchner Kongresshauses. Auch die 38-j\u00e4hrige Violinistin Alena Baeva ist zum ersten Mal<\/p>\n","protected":false},"author":4,"featured_media":0,"comment_status":"closed","ping_status":"open","sticky":false,"template":"","format":"standard","meta":[],"categories":[2],"tags":[],"_links":{"self":[{"href":"http:\/\/cms.mtsomnii.de\/w7\/wp-json\/wp\/v2\/posts\/16132"}],"collection":[{"href":"http:\/\/cms.mtsomnii.de\/w7\/wp-json\/wp\/v2\/posts"}],"about":[{"href":"http:\/\/cms.mtsomnii.de\/w7\/wp-json\/wp\/v2\/types\/post"}],"author":[{"embeddable":true,"href":"http:\/\/cms.mtsomnii.de\/w7\/wp-json\/wp\/v2\/users\/4"}],"replies":[{"embeddable":true,"href":"http:\/\/cms.mtsomnii.de\/w7\/wp-json\/wp\/v2\/comments?post=16132"}],"version-history":[{"count":0,"href":"http:\/\/cms.mtsomnii.de\/w7\/wp-json\/wp\/v2\/posts\/16132\/revisions"}],"wp:attachment":[{"href":"http:\/\/cms.mtsomnii.de\/w7\/wp-json\/wp\/v2\/media?parent=16132"}],"wp:term":[{"taxonomy":"category","embeddable":true,"href":"http:\/\/cms.mtsomnii.de\/w7\/wp-json\/wp\/v2\/categories?post=16132"},{"taxonomy":"post_tag","embeddable":true,"href":"http:\/\/cms.mtsomnii.de\/w7\/wp-json\/wp\/v2\/tags?post=16132"}],"curies":[{"name":"wp","href":"https:\/\/api.w.org\/{rel}","templated":true}]}}