{"id":16513,"date":"2024-02-29T18:00:00","date_gmt":"2024-02-29T17:00:00","guid":{"rendered":"http:\/\/cms.mtsomnii.de\/w7\/merkur-de-gap\/spitzenreiter-bei-windeneinsaetzen-92862613-html-16513\/"},"modified":"2024-02-29T18:00:00","modified_gmt":"2024-02-29T17:00:00","slug":"spitzenreiter-bei-windeneinsaetzen-92862613-html","status":"publish","type":"post","link":"http:\/\/cms.mtsomnii.de\/w7\/merkur-de-gap\/spitzenreiter-bei-windeneinsaetzen-92862613-html-16513\/","title":{"rendered":"Christoph Murnau ist Spitzenreiter bei den Windeneins\u00e4tzen &#8211; Hoher Anteil an Traumapatienten"},"content":{"rendered":"<div>Die Zahl der Rettungsfl\u00fcge ging 2023 bundesweit erstmals seit Jahren zur\u00fcck. Beim Helikopter Christoph Murnau ist dieser Trend allerdings kaum zu sp\u00fcren. Der Anteil an Traumapatienten ist hoch. Dies liegt an den vielen Freizeit- und Sportunf\u00e4llen. Auch bei den Windeneins\u00e4tzen steht der Rettungshelikopter an der Spitze.<\/div>\n","protected":false},"excerpt":{"rendered":"<p>Die Zahl der Rettungsfl\u00fcge ging 2023 bundesweit erstmals seit Jahren zur\u00fcck. Beim Helikopter Christoph Murnau ist dieser Trend allerdings kaum zu sp\u00fcren. Der Anteil an Traumapatienten ist hoch. Dies liegt an den vielen Freizeit- und Sportunf\u00e4llen. Auch bei den Windeneins\u00e4tzen steht der Rettungshelikopter an der Spitze.<\/p>\n","protected":false},"author":5,"featured_media":0,"comment_status":"closed","ping_status":"open","sticky":false,"template":"","format":"standard","meta":[],"categories":[5],"tags":[],"_links":{"self":[{"href":"http:\/\/cms.mtsomnii.de\/w7\/wp-json\/wp\/v2\/posts\/16513"}],"collection":[{"href":"http:\/\/cms.mtsomnii.de\/w7\/wp-json\/wp\/v2\/posts"}],"about":[{"href":"http:\/\/cms.mtsomnii.de\/w7\/wp-json\/wp\/v2\/types\/post"}],"author":[{"embeddable":true,"href":"http:\/\/cms.mtsomnii.de\/w7\/wp-json\/wp\/v2\/users\/5"}],"replies":[{"embeddable":true,"href":"http:\/\/cms.mtsomnii.de\/w7\/wp-json\/wp\/v2\/comments?post=16513"}],"version-history":[{"count":0,"href":"http:\/\/cms.mtsomnii.de\/w7\/wp-json\/wp\/v2\/posts\/16513\/revisions"}],"wp:attachment":[{"href":"http:\/\/cms.mtsomnii.de\/w7\/wp-json\/wp\/v2\/media?parent=16513"}],"wp:term":[{"taxonomy":"category","embeddable":true,"href":"http:\/\/cms.mtsomnii.de\/w7\/wp-json\/wp\/v2\/categories?post=16513"},{"taxonomy":"post_tag","embeddable":true,"href":"http:\/\/cms.mtsomnii.de\/w7\/wp-json\/wp\/v2\/tags?post=16513"}],"curies":[{"name":"wp","href":"https:\/\/api.w.org\/{rel}","templated":true}]}}