{"id":16533,"date":"2024-02-29T13:40:00","date_gmt":"2024-02-29T12:40:00","guid":{"rendered":"http:\/\/cms.mtsomnii.de\/w7\/merkur-de-gap\/unguenstige-lage-nein-zu-blaues-land-bus-92861666-html-2-16533\/"},"modified":"2024-02-29T13:40:00","modified_gmt":"2024-02-29T12:40:00","slug":"unguenstige-lage-nein-zu-blaues-land-bus-92861666-html-2","status":"publish","type":"post","link":"http:\/\/cms.mtsomnii.de\/w7\/merkur-de-gap\/unguenstige-lage-nein-zu-blaues-land-bus-92861666-html-2-16533\/","title":{"rendered":"Ung\u00fcnstige Lage: Gro\u00dfweil sagt Nein zum Blaues-Land-Bus"},"content":{"rendered":"<div>Gro\u00dfweil ist raus. In der j\u00fcngsten Sitzung sprach sich die Mehrheit des Gemeinderates gegen die Einf\u00fchrung des Blaues-Land-Busses, der am 1. November in Betrieb gehen soll, aus. In der Debatte waren Zweifel laut geworden, ob und inwieweit die Kommune, die sich am Rande des Landkreises und des Blauen Landes befindet, bei dem \u00d6PNV-On-Demand-System \u00fcberhaupt zum Zuge kommen wird.<\/div>\n","protected":false},"excerpt":{"rendered":"<p>Gro\u00dfweil ist raus. In der j\u00fcngsten Sitzung sprach sich die Mehrheit des Gemeinderates gegen die Einf\u00fchrung des Blaues-Land-Busses, der am 1. November in Betrieb gehen soll, aus. In der Debatte waren Zweifel laut geworden, ob und inwieweit die Kommune, die sich am Rande des Landkreises und des Blauen Landes befindet, bei dem \u00d6PNV-On-Demand-System \u00fcberhaupt zum Zuge kommen wird.<\/p>\n","protected":false},"author":5,"featured_media":0,"comment_status":"closed","ping_status":"open","sticky":false,"template":"","format":"standard","meta":[],"categories":[5],"tags":[],"_links":{"self":[{"href":"http:\/\/cms.mtsomnii.de\/w7\/wp-json\/wp\/v2\/posts\/16533"}],"collection":[{"href":"http:\/\/cms.mtsomnii.de\/w7\/wp-json\/wp\/v2\/posts"}],"about":[{"href":"http:\/\/cms.mtsomnii.de\/w7\/wp-json\/wp\/v2\/types\/post"}],"author":[{"embeddable":true,"href":"http:\/\/cms.mtsomnii.de\/w7\/wp-json\/wp\/v2\/users\/5"}],"replies":[{"embeddable":true,"href":"http:\/\/cms.mtsomnii.de\/w7\/wp-json\/wp\/v2\/comments?post=16533"}],"version-history":[{"count":0,"href":"http:\/\/cms.mtsomnii.de\/w7\/wp-json\/wp\/v2\/posts\/16533\/revisions"}],"wp:attachment":[{"href":"http:\/\/cms.mtsomnii.de\/w7\/wp-json\/wp\/v2\/media?parent=16533"}],"wp:term":[{"taxonomy":"category","embeddable":true,"href":"http:\/\/cms.mtsomnii.de\/w7\/wp-json\/wp\/v2\/categories?post=16533"},{"taxonomy":"post_tag","embeddable":true,"href":"http:\/\/cms.mtsomnii.de\/w7\/wp-json\/wp\/v2\/tags?post=16533"}],"curies":[{"name":"wp","href":"https:\/\/api.w.org\/{rel}","templated":true}]}}