{"id":16802,"date":"2024-03-25T09:50:11","date_gmt":"2024-03-25T08:50:11","guid":{"rendered":"http:\/\/cms.mtsomnii.de\/w7\/merkur-de-gap\/diskurs-der-gruenen-ueber-die-zukunft-der-klein-baeuerlichen-almwirtschaft-92911658-html-3-16802\/"},"modified":"2024-03-25T09:50:11","modified_gmt":"2024-03-25T08:50:11","slug":"diskurs-der-gruenen-ueber-die-zukunft-der-klein-baeuerlichen-almwirtschaft-92911658-html-3","status":"publish","type":"post","link":"http:\/\/cms.mtsomnii.de\/w7\/merkur-de-gap\/diskurs-der-gruenen-ueber-die-zukunft-der-klein-baeuerlichen-almwirtschaft-92911658-html-3-16802\/","title":{"rendered":"Diskurs der Gr\u00fcnen \u00fcber die Zukunft der  klein-b\u00e4uerlichen Almwirtschaft"},"content":{"rendered":"<div>Bauernproteste bestimmen zurzeit das politische Bild auch im Landkreis. Deshalb hatte Irmi Gallmeier von B\u00fcndnis 90\/Die Gr\u00fcnen des Kreisverbands Garmisch-Partenkirchen Experten zur Online-Veranstaltungsreihe \u201eGr\u00fcner Diskurs\u201c zu diesem Thema unter dem Titel \u201eZukunft der kleinb\u00e4uerlichen Almwirtschaft\u201c eingeladen.<\/div>\n","protected":false},"excerpt":{"rendered":"<p>Bauernproteste bestimmen zurzeit das politische Bild auch im Landkreis. Deshalb hatte Irmi Gallmeier von B\u00fcndnis 90\/Die Gr\u00fcnen des Kreisverbands Garmisch-Partenkirchen Experten zur Online-Veranstaltungsreihe \u201eGr\u00fcner Diskurs\u201c zu diesem Thema unter dem Titel \u201eZukunft der kleinb\u00e4uerlichen Almwirtschaft\u201c eingeladen.<\/p>\n","protected":false},"author":5,"featured_media":0,"comment_status":"closed","ping_status":"open","sticky":false,"template":"","format":"standard","meta":[],"categories":[5],"tags":[],"_links":{"self":[{"href":"http:\/\/cms.mtsomnii.de\/w7\/wp-json\/wp\/v2\/posts\/16802"}],"collection":[{"href":"http:\/\/cms.mtsomnii.de\/w7\/wp-json\/wp\/v2\/posts"}],"about":[{"href":"http:\/\/cms.mtsomnii.de\/w7\/wp-json\/wp\/v2\/types\/post"}],"author":[{"embeddable":true,"href":"http:\/\/cms.mtsomnii.de\/w7\/wp-json\/wp\/v2\/users\/5"}],"replies":[{"embeddable":true,"href":"http:\/\/cms.mtsomnii.de\/w7\/wp-json\/wp\/v2\/comments?post=16802"}],"version-history":[{"count":0,"href":"http:\/\/cms.mtsomnii.de\/w7\/wp-json\/wp\/v2\/posts\/16802\/revisions"}],"wp:attachment":[{"href":"http:\/\/cms.mtsomnii.de\/w7\/wp-json\/wp\/v2\/media?parent=16802"}],"wp:term":[{"taxonomy":"category","embeddable":true,"href":"http:\/\/cms.mtsomnii.de\/w7\/wp-json\/wp\/v2\/categories?post=16802"},{"taxonomy":"post_tag","embeddable":true,"href":"http:\/\/cms.mtsomnii.de\/w7\/wp-json\/wp\/v2\/tags?post=16802"}],"curies":[{"name":"wp","href":"https:\/\/api.w.org\/{rel}","templated":true}]}}