{"id":16838,"date":"2024-03-26T07:30:00","date_gmt":"2024-03-26T06:30:00","guid":{"rendered":"http:\/\/cms.mtsomnii.de\/w7\/kreisbote-gap\/landfrauentag-austausch-kulinarik-musik-baeuerinnen-garmisch-partenkirchen-grainau-92911961-html-3-16838\/"},"modified":"2024-03-26T07:30:00","modified_gmt":"2024-03-26T06:30:00","slug":"landfrauentag-austausch-kulinarik-musik-baeuerinnen-garmisch-partenkirchen-grainau-92911961-html-3","status":"publish","type":"post","link":"http:\/\/cms.mtsomnii.de\/w7\/kreisbote-gap\/landfrauentag-austausch-kulinarik-musik-baeuerinnen-garmisch-partenkirchen-grainau-92911961-html-3-16838\/","title":{"rendered":"Ehrentag f\u00fcr die Landfrauen: Ein Tag des Austauschs, der Kulinarik und der Musik"},"content":{"rendered":"<div>Die B\u00e4uerinnen des Landkreises kamen beim Landfrauentag zusammen, um sich auszutauschen und einen sch\u00f6nen Tag zu erleben. Von politischen Diskussionen bis hin zur F\u00f6rderung regionaler Produkte standen wichtige Themen im Fokus, w\u00e4hrend der Landfrauenchor sein zehnj\u00e4hriges Jubil\u00e4um feierte.<\/div>\n","protected":false},"excerpt":{"rendered":"<p>Die B\u00e4uerinnen des Landkreises kamen beim Landfrauentag zusammen, um sich auszutauschen und einen sch\u00f6nen Tag zu erleben. Von politischen Diskussionen bis hin zur F\u00f6rderung regionaler Produkte standen wichtige Themen im Fokus, w\u00e4hrend der Landfrauenchor sein zehnj\u00e4hriges Jubil\u00e4um feierte.<\/p>\n","protected":false},"author":4,"featured_media":0,"comment_status":"closed","ping_status":"open","sticky":false,"template":"","format":"standard","meta":[],"categories":[2],"tags":[],"_links":{"self":[{"href":"http:\/\/cms.mtsomnii.de\/w7\/wp-json\/wp\/v2\/posts\/16838"}],"collection":[{"href":"http:\/\/cms.mtsomnii.de\/w7\/wp-json\/wp\/v2\/posts"}],"about":[{"href":"http:\/\/cms.mtsomnii.de\/w7\/wp-json\/wp\/v2\/types\/post"}],"author":[{"embeddable":true,"href":"http:\/\/cms.mtsomnii.de\/w7\/wp-json\/wp\/v2\/users\/4"}],"replies":[{"embeddable":true,"href":"http:\/\/cms.mtsomnii.de\/w7\/wp-json\/wp\/v2\/comments?post=16838"}],"version-history":[{"count":0,"href":"http:\/\/cms.mtsomnii.de\/w7\/wp-json\/wp\/v2\/posts\/16838\/revisions"}],"wp:attachment":[{"href":"http:\/\/cms.mtsomnii.de\/w7\/wp-json\/wp\/v2\/media?parent=16838"}],"wp:term":[{"taxonomy":"category","embeddable":true,"href":"http:\/\/cms.mtsomnii.de\/w7\/wp-json\/wp\/v2\/categories?post=16838"},{"taxonomy":"post_tag","embeddable":true,"href":"http:\/\/cms.mtsomnii.de\/w7\/wp-json\/wp\/v2\/tags?post=16838"}],"curies":[{"name":"wp","href":"https:\/\/api.w.org\/{rel}","templated":true}]}}