{"id":16875,"date":"2024-03-27T16:00:00","date_gmt":"2024-03-27T15:00:00","guid":{"rendered":"http:\/\/cms.mtsomnii.de\/w7\/kreisbote-gap\/magdalena-emmerdt-fuehrt-obst-und-gartenbauverein-in-grainau-an-92912026-html-5-16875\/"},"modified":"2024-03-27T16:00:00","modified_gmt":"2024-03-27T15:00:00","slug":"magdalena-emmerdt-fuehrt-obst-und-gartenbauverein-in-grainau-an-92912026-html-5","status":"publish","type":"post","link":"http:\/\/cms.mtsomnii.de\/w7\/kreisbote-gap\/magdalena-emmerdt-fuehrt-obst-und-gartenbauverein-in-grainau-an-92912026-html-5-16875\/","title":{"rendered":"Magdalena Emmerdt f\u00fchrt Obst- und Gartenbauverein in Grainau an"},"content":{"rendered":"<div>Neuwahlen standen bei der Mitgliederversammlung des Obst-und Gartenbauvereins Grainau auf der Tagesordnung. F\u00fcr Hans Tietz, dieser \u00fcbte 28 Jahre das Amt des  ersten Vorstandes aus, \u00fcbernahm nunmehr Magdalena Emmerdt die F\u00fchrungsrolle.<\/div>\n","protected":false},"excerpt":{"rendered":"<p>Neuwahlen standen bei der Mitgliederversammlung des Obst-und Gartenbauvereins Grainau auf der Tagesordnung. F\u00fcr Hans Tietz, dieser \u00fcbte 28 Jahre das Amt des ersten Vorstandes aus, \u00fcbernahm nunmehr Magdalena Emmerdt die F\u00fchrungsrolle.<\/p>\n","protected":false},"author":4,"featured_media":0,"comment_status":"closed","ping_status":"open","sticky":false,"template":"","format":"standard","meta":[],"categories":[2],"tags":[],"_links":{"self":[{"href":"http:\/\/cms.mtsomnii.de\/w7\/wp-json\/wp\/v2\/posts\/16875"}],"collection":[{"href":"http:\/\/cms.mtsomnii.de\/w7\/wp-json\/wp\/v2\/posts"}],"about":[{"href":"http:\/\/cms.mtsomnii.de\/w7\/wp-json\/wp\/v2\/types\/post"}],"author":[{"embeddable":true,"href":"http:\/\/cms.mtsomnii.de\/w7\/wp-json\/wp\/v2\/users\/4"}],"replies":[{"embeddable":true,"href":"http:\/\/cms.mtsomnii.de\/w7\/wp-json\/wp\/v2\/comments?post=16875"}],"version-history":[{"count":0,"href":"http:\/\/cms.mtsomnii.de\/w7\/wp-json\/wp\/v2\/posts\/16875\/revisions"}],"wp:attachment":[{"href":"http:\/\/cms.mtsomnii.de\/w7\/wp-json\/wp\/v2\/media?parent=16875"}],"wp:term":[{"taxonomy":"category","embeddable":true,"href":"http:\/\/cms.mtsomnii.de\/w7\/wp-json\/wp\/v2\/categories?post=16875"},{"taxonomy":"post_tag","embeddable":true,"href":"http:\/\/cms.mtsomnii.de\/w7\/wp-json\/wp\/v2\/tags?post=16875"}],"curies":[{"name":"wp","href":"https:\/\/api.w.org\/{rel}","templated":true}]}}