{"id":16909,"date":"2024-04-02T15:00:00","date_gmt":"2024-04-02T13:00:00","guid":{"rendered":"http:\/\/cms.mtsomnii.de\/w7\/kreisbote-gap\/unfall-auf-der-autofahrerin-38-kollidiert-mit-ploetzlich-umgestuerztem-baum-92980866-html-3-16909\/"},"modified":"2024-04-02T15:00:00","modified_gmt":"2024-04-02T13:00:00","slug":"unfall-auf-der-autofahrerin-38-kollidiert-mit-ploetzlich-umgestuerztem-baum-92980866-html-3","status":"publish","type":"post","link":"http:\/\/cms.mtsomnii.de\/w7\/kreisbote-gap\/unfall-auf-der-autofahrerin-38-kollidiert-mit-ploetzlich-umgestuerztem-baum-92980866-html-3-16909\/","title":{"rendered":"Unfall auf der B2: Autofahrerin (38) kollidiert mit pl\u00f6tzlich umgest\u00fcrztem Baum"},"content":{"rendered":"<div>In den fr\u00fchen Morgenstunden des 1. April ereignete sich auf der B2 ein Unfall, als ein Baum aufgrund starker Winde direkt vor einem Fahrzeug umst\u00fcrzte.<\/div>\n","protected":false},"excerpt":{"rendered":"<p>In den fr\u00fchen Morgenstunden des 1. April ereignete sich auf der B2 ein Unfall, als ein Baum aufgrund starker Winde direkt vor einem Fahrzeug umst\u00fcrzte.<\/p>\n","protected":false},"author":4,"featured_media":0,"comment_status":"closed","ping_status":"open","sticky":false,"template":"","format":"standard","meta":[],"categories":[2],"tags":[],"_links":{"self":[{"href":"http:\/\/cms.mtsomnii.de\/w7\/wp-json\/wp\/v2\/posts\/16909"}],"collection":[{"href":"http:\/\/cms.mtsomnii.de\/w7\/wp-json\/wp\/v2\/posts"}],"about":[{"href":"http:\/\/cms.mtsomnii.de\/w7\/wp-json\/wp\/v2\/types\/post"}],"author":[{"embeddable":true,"href":"http:\/\/cms.mtsomnii.de\/w7\/wp-json\/wp\/v2\/users\/4"}],"replies":[{"embeddable":true,"href":"http:\/\/cms.mtsomnii.de\/w7\/wp-json\/wp\/v2\/comments?post=16909"}],"version-history":[{"count":0,"href":"http:\/\/cms.mtsomnii.de\/w7\/wp-json\/wp\/v2\/posts\/16909\/revisions"}],"wp:attachment":[{"href":"http:\/\/cms.mtsomnii.de\/w7\/wp-json\/wp\/v2\/media?parent=16909"}],"wp:term":[{"taxonomy":"category","embeddable":true,"href":"http:\/\/cms.mtsomnii.de\/w7\/wp-json\/wp\/v2\/categories?post=16909"},{"taxonomy":"post_tag","embeddable":true,"href":"http:\/\/cms.mtsomnii.de\/w7\/wp-json\/wp\/v2\/tags?post=16909"}],"curies":[{"name":"wp","href":"https:\/\/api.w.org\/{rel}","templated":true}]}}