{"id":16922,"date":"2024-04-04T09:59:48","date_gmt":"2024-04-04T07:59:48","guid":{"rendered":"http:\/\/cms.mtsomnii.de\/w7\/merkur-de-gap\/toedlicher-verkehrsunfall-in-mittenwald-72-jaehrige-tirolerin-stirbt-noch-an-unfallstelle-92985172-html-16922\/"},"modified":"2024-04-04T09:59:48","modified_gmt":"2024-04-04T07:59:48","slug":"toedlicher-verkehrsunfall-in-mittenwald-72-jaehrige-tirolerin-stirbt-noch-an-unfallstelle-92985172-html","status":"publish","type":"post","link":"http:\/\/cms.mtsomnii.de\/w7\/merkur-de-gap\/toedlicher-verkehrsunfall-in-mittenwald-72-jaehrige-tirolerin-stirbt-noch-an-unfallstelle-92985172-html-16922\/","title":{"rendered":"T\u00f6dlicher Verkehrsunfall bei Mittenwald: 72-j\u00e4hrige Tirolerin stirbt noch an Unfallstelle"},"content":{"rendered":"<div>Ein schwerer Verkehrsunfall auf der Bundesstra\u00dfe bei Mittenwald ersch\u00fctterte die Einsatzkr\u00e4fte. Eine 72-j\u00e4hrige Autofahrerin aus Tirol ist am Mittwoch-Nachmittag noch an der Unfallstelle gestorben.<\/div>\n","protected":false},"excerpt":{"rendered":"<p>Ein schwerer Verkehrsunfall auf der Bundesstra\u00dfe bei Mittenwald ersch\u00fctterte die Einsatzkr\u00e4fte. Eine 72-j\u00e4hrige Autofahrerin aus Tirol ist am Mittwoch-Nachmittag noch an der Unfallstelle gestorben.<\/p>\n","protected":false},"author":5,"featured_media":0,"comment_status":"closed","ping_status":"open","sticky":false,"template":"","format":"standard","meta":[],"categories":[5],"tags":[],"_links":{"self":[{"href":"http:\/\/cms.mtsomnii.de\/w7\/wp-json\/wp\/v2\/posts\/16922"}],"collection":[{"href":"http:\/\/cms.mtsomnii.de\/w7\/wp-json\/wp\/v2\/posts"}],"about":[{"href":"http:\/\/cms.mtsomnii.de\/w7\/wp-json\/wp\/v2\/types\/post"}],"author":[{"embeddable":true,"href":"http:\/\/cms.mtsomnii.de\/w7\/wp-json\/wp\/v2\/users\/5"}],"replies":[{"embeddable":true,"href":"http:\/\/cms.mtsomnii.de\/w7\/wp-json\/wp\/v2\/comments?post=16922"}],"version-history":[{"count":0,"href":"http:\/\/cms.mtsomnii.de\/w7\/wp-json\/wp\/v2\/posts\/16922\/revisions"}],"wp:attachment":[{"href":"http:\/\/cms.mtsomnii.de\/w7\/wp-json\/wp\/v2\/media?parent=16922"}],"wp:term":[{"taxonomy":"category","embeddable":true,"href":"http:\/\/cms.mtsomnii.de\/w7\/wp-json\/wp\/v2\/categories?post=16922"},{"taxonomy":"post_tag","embeddable":true,"href":"http:\/\/cms.mtsomnii.de\/w7\/wp-json\/wp\/v2\/tags?post=16922"}],"curies":[{"name":"wp","href":"https:\/\/api.w.org\/{rel}","templated":true}]}}