{"id":16935,"date":"2024-04-05T11:51:00","date_gmt":"2024-04-05T09:51:00","guid":{"rendered":"http:\/\/cms.mtsomnii.de\/w7\/merkur-de-gap\/zehn-tage-vollsperre-der-bundesstrasse-23-nach-griesen-92987739-html-16935\/"},"modified":"2024-04-05T11:51:00","modified_gmt":"2024-04-05T09:51:00","slug":"zehn-tage-vollsperre-der-bundesstrasse-23-nach-griesen-92987739-html","status":"publish","type":"post","link":"http:\/\/cms.mtsomnii.de\/w7\/merkur-de-gap\/zehn-tage-vollsperre-der-bundesstrasse-23-nach-griesen-92987739-html-16935\/","title":{"rendered":"Zehn Tage Vollsperre an B23: Pendler und Bewohner Griesens m\u00fcssen massive Umwege in Kauf nehmen"},"content":{"rendered":"<div>Der Stra\u00dfenbau-Fr\u00fchling bringt die erste \u201eeklatante Vollsperre\u201c, wie ein Vertreter des Staatlichen Bauamts einr\u00e4umt: Bis Ende April gibt es massive Einschr\u00e4nkungen an der Bundesstra\u00dfe 23 \u2013 Zug als einiges direktes Transportmittel<\/div>\n","protected":false},"excerpt":{"rendered":"<p>Der Stra\u00dfenbau-Fr\u00fchling bringt die erste \u201eeklatante Vollsperre\u201c, wie ein Vertreter des Staatlichen Bauamts einr\u00e4umt: Bis Ende April gibt es massive Einschr\u00e4nkungen an der Bundesstra\u00dfe 23 \u2013 Zug als einiges direktes Transportmittel<\/p>\n","protected":false},"author":5,"featured_media":0,"comment_status":"closed","ping_status":"open","sticky":false,"template":"","format":"standard","meta":[],"categories":[5],"tags":[],"_links":{"self":[{"href":"http:\/\/cms.mtsomnii.de\/w7\/wp-json\/wp\/v2\/posts\/16935"}],"collection":[{"href":"http:\/\/cms.mtsomnii.de\/w7\/wp-json\/wp\/v2\/posts"}],"about":[{"href":"http:\/\/cms.mtsomnii.de\/w7\/wp-json\/wp\/v2\/types\/post"}],"author":[{"embeddable":true,"href":"http:\/\/cms.mtsomnii.de\/w7\/wp-json\/wp\/v2\/users\/5"}],"replies":[{"embeddable":true,"href":"http:\/\/cms.mtsomnii.de\/w7\/wp-json\/wp\/v2\/comments?post=16935"}],"version-history":[{"count":0,"href":"http:\/\/cms.mtsomnii.de\/w7\/wp-json\/wp\/v2\/posts\/16935\/revisions"}],"wp:attachment":[{"href":"http:\/\/cms.mtsomnii.de\/w7\/wp-json\/wp\/v2\/media?parent=16935"}],"wp:term":[{"taxonomy":"category","embeddable":true,"href":"http:\/\/cms.mtsomnii.de\/w7\/wp-json\/wp\/v2\/categories?post=16935"},{"taxonomy":"post_tag","embeddable":true,"href":"http:\/\/cms.mtsomnii.de\/w7\/wp-json\/wp\/v2\/tags?post=16935"}],"curies":[{"name":"wp","href":"https:\/\/api.w.org\/{rel}","templated":true}]}}