{"id":17327,"date":"2024-04-25T18:01:57","date_gmt":"2024-04-25T16:01:57","guid":{"rendered":"http:\/\/cms.mtsomnii.de\/w7\/merkur-de-gap\/neuen-gesetzesentwurf-vorgelegt-kombihaltung-teilerfolg-fuer-landwirte-93034258-html-17327\/"},"modified":"2024-04-25T18:01:57","modified_gmt":"2024-04-25T16:01:57","slug":"neuen-gesetzesentwurf-vorgelegt-kombihaltung-teilerfolg-fuer-landwirte-93034258-html","status":"publish","type":"post","link":"http:\/\/cms.mtsomnii.de\/w7\/merkur-de-gap\/neuen-gesetzesentwurf-vorgelegt-kombihaltung-teilerfolg-fuer-landwirte-93034258-html-17327\/","title":{"rendered":"Zukunft der Kombihaltung: Landwirte erhalten wichtigen R\u00fcckhalt"},"content":{"rendered":"<div>Ein \u00fcberarbeiteter Gesetzentwurf bietet Hoffnung f\u00fcr kleinb\u00e4uerliche Betriebe. Die unbefristete Ausnahme f\u00fcr die Kombihaltung von Milchk\u00fchen sichert eine langj\u00e4hrige Tradition.<\/div>\n","protected":false},"excerpt":{"rendered":"<p>Ein \u00fcberarbeiteter Gesetzentwurf bietet Hoffnung f\u00fcr kleinb\u00e4uerliche Betriebe. Die unbefristete Ausnahme f\u00fcr die Kombihaltung von Milchk\u00fchen sichert eine langj\u00e4hrige Tradition.<\/p>\n","protected":false},"author":5,"featured_media":0,"comment_status":"closed","ping_status":"open","sticky":false,"template":"","format":"standard","meta":[],"categories":[5],"tags":[],"_links":{"self":[{"href":"http:\/\/cms.mtsomnii.de\/w7\/wp-json\/wp\/v2\/posts\/17327"}],"collection":[{"href":"http:\/\/cms.mtsomnii.de\/w7\/wp-json\/wp\/v2\/posts"}],"about":[{"href":"http:\/\/cms.mtsomnii.de\/w7\/wp-json\/wp\/v2\/types\/post"}],"author":[{"embeddable":true,"href":"http:\/\/cms.mtsomnii.de\/w7\/wp-json\/wp\/v2\/users\/5"}],"replies":[{"embeddable":true,"href":"http:\/\/cms.mtsomnii.de\/w7\/wp-json\/wp\/v2\/comments?post=17327"}],"version-history":[{"count":0,"href":"http:\/\/cms.mtsomnii.de\/w7\/wp-json\/wp\/v2\/posts\/17327\/revisions"}],"wp:attachment":[{"href":"http:\/\/cms.mtsomnii.de\/w7\/wp-json\/wp\/v2\/media?parent=17327"}],"wp:term":[{"taxonomy":"category","embeddable":true,"href":"http:\/\/cms.mtsomnii.de\/w7\/wp-json\/wp\/v2\/categories?post=17327"},{"taxonomy":"post_tag","embeddable":true,"href":"http:\/\/cms.mtsomnii.de\/w7\/wp-json\/wp\/v2\/tags?post=17327"}],"curies":[{"name":"wp","href":"https:\/\/api.w.org\/{rel}","templated":true}]}}