{"id":17349,"date":"2024-04-26T17:00:00","date_gmt":"2024-04-26T15:00:00","guid":{"rendered":"http:\/\/cms.mtsomnii.de\/w7\/kreisbote-gap\/garmisch-partenkirchen-83-jaehrige-dame-als-unfallverursacherin-ermittelt-93033169-html-17349\/"},"modified":"2024-04-26T17:00:00","modified_gmt":"2024-04-26T15:00:00","slug":"garmisch-partenkirchen-83-jaehrige-dame-als-unfallverursacherin-ermittelt-93033169-html","status":"publish","type":"post","link":"http:\/\/cms.mtsomnii.de\/w7\/kreisbote-gap\/garmisch-partenkirchen-83-jaehrige-dame-als-unfallverursacherin-ermittelt-93033169-html-17349\/","title":{"rendered":"Garmisch-Partenkirchen: 83-j\u00e4hrige Dame als Unfallverursacherin ermittelt"},"content":{"rendered":"<div>Nachdem eine Dame den Au\u00dfenspiegel eines geparkten, schwarzen Mercedes abfuhr und die Unfallstelle verlie\u00df, konnte die Fl\u00fcchtige nun ermittelt werden.  Es handelte sich um eine 83-j\u00e4hrige Dame, die &#8211; laut ihrer Aussage &#8211; zwar einen Knall geh\u00f6rt, das Ger\u00e4usch aber nicht habe zuordnen k\u00f6nnen.<\/div>\n","protected":false},"excerpt":{"rendered":"<p>Nachdem eine Dame den Au\u00dfenspiegel eines geparkten, schwarzen Mercedes abfuhr und die Unfallstelle verlie\u00df, konnte die Fl\u00fcchtige nun ermittelt werden. Es handelte sich um eine 83-j\u00e4hrige Dame, die &#8211; laut ihrer Aussage &#8211; zwar einen Knall geh\u00f6rt, das Ger\u00e4usch aber nicht habe zuordnen k\u00f6nnen.<\/p>\n","protected":false},"author":4,"featured_media":0,"comment_status":"closed","ping_status":"open","sticky":false,"template":"","format":"standard","meta":[],"categories":[2],"tags":[],"_links":{"self":[{"href":"http:\/\/cms.mtsomnii.de\/w7\/wp-json\/wp\/v2\/posts\/17349"}],"collection":[{"href":"http:\/\/cms.mtsomnii.de\/w7\/wp-json\/wp\/v2\/posts"}],"about":[{"href":"http:\/\/cms.mtsomnii.de\/w7\/wp-json\/wp\/v2\/types\/post"}],"author":[{"embeddable":true,"href":"http:\/\/cms.mtsomnii.de\/w7\/wp-json\/wp\/v2\/users\/4"}],"replies":[{"embeddable":true,"href":"http:\/\/cms.mtsomnii.de\/w7\/wp-json\/wp\/v2\/comments?post=17349"}],"version-history":[{"count":0,"href":"http:\/\/cms.mtsomnii.de\/w7\/wp-json\/wp\/v2\/posts\/17349\/revisions"}],"wp:attachment":[{"href":"http:\/\/cms.mtsomnii.de\/w7\/wp-json\/wp\/v2\/media?parent=17349"}],"wp:term":[{"taxonomy":"category","embeddable":true,"href":"http:\/\/cms.mtsomnii.de\/w7\/wp-json\/wp\/v2\/categories?post=17349"},{"taxonomy":"post_tag","embeddable":true,"href":"http:\/\/cms.mtsomnii.de\/w7\/wp-json\/wp\/v2\/tags?post=17349"}],"curies":[{"name":"wp","href":"https:\/\/api.w.org\/{rel}","templated":true}]}}