{"id":17354,"date":"2024-04-27T08:00:00","date_gmt":"2024-04-27T06:00:00","guid":{"rendered":"http:\/\/cms.mtsomnii.de\/w7\/merkur-de-gap\/garmisch-partenkirchen-michael-boehm-und-luca-allavena-laufen-weiter-fuer-scr-auf-93032623-html-2-17354\/"},"modified":"2024-04-27T08:00:00","modified_gmt":"2024-04-27T06:00:00","slug":"garmisch-partenkirchen-michael-boehm-und-luca-allavena-laufen-weiter-fuer-scr-auf-93032623-html-2","status":"publish","type":"post","link":"http:\/\/cms.mtsomnii.de\/w7\/merkur-de-gap\/garmisch-partenkirchen-michael-boehm-und-luca-allavena-laufen-weiter-fuer-scr-auf-93032623-html-2-17354\/","title":{"rendered":"Garmisch-Partenkirchen: Michael Boehm und Luca Allavena laufen weiter f\u00fcr SCR auf"},"content":{"rendered":"<div>Der SC Riessersee wird mit dem gleichen Torh\u00fcterduo in die neue eishockey-Saison gehen wie zuletzt. Andi Mechel hatte ohnehin noch einen g\u00fcltigen Vertrag und nun hat auch sein Torh\u00fcterpartner Michael Boehm seine Unterschrift auf das neue Arbeitspapier gesetzt.<\/div>\n","protected":false},"excerpt":{"rendered":"<p>Der SC Riessersee wird mit dem gleichen Torh\u00fcterduo in die neue eishockey-Saison gehen wie zuletzt. Andi Mechel hatte ohnehin noch einen g\u00fcltigen Vertrag und nun hat auch sein Torh\u00fcterpartner Michael Boehm seine Unterschrift auf das neue Arbeitspapier gesetzt.<\/p>\n","protected":false},"author":5,"featured_media":0,"comment_status":"closed","ping_status":"open","sticky":false,"template":"","format":"standard","meta":[],"categories":[5],"tags":[],"_links":{"self":[{"href":"http:\/\/cms.mtsomnii.de\/w7\/wp-json\/wp\/v2\/posts\/17354"}],"collection":[{"href":"http:\/\/cms.mtsomnii.de\/w7\/wp-json\/wp\/v2\/posts"}],"about":[{"href":"http:\/\/cms.mtsomnii.de\/w7\/wp-json\/wp\/v2\/types\/post"}],"author":[{"embeddable":true,"href":"http:\/\/cms.mtsomnii.de\/w7\/wp-json\/wp\/v2\/users\/5"}],"replies":[{"embeddable":true,"href":"http:\/\/cms.mtsomnii.de\/w7\/wp-json\/wp\/v2\/comments?post=17354"}],"version-history":[{"count":0,"href":"http:\/\/cms.mtsomnii.de\/w7\/wp-json\/wp\/v2\/posts\/17354\/revisions"}],"wp:attachment":[{"href":"http:\/\/cms.mtsomnii.de\/w7\/wp-json\/wp\/v2\/media?parent=17354"}],"wp:term":[{"taxonomy":"category","embeddable":true,"href":"http:\/\/cms.mtsomnii.de\/w7\/wp-json\/wp\/v2\/categories?post=17354"},{"taxonomy":"post_tag","embeddable":true,"href":"http:\/\/cms.mtsomnii.de\/w7\/wp-json\/wp\/v2\/tags?post=17354"}],"curies":[{"name":"wp","href":"https:\/\/api.w.org\/{rel}","templated":true}]}}