{"id":17372,"date":"2024-04-30T08:00:00","date_gmt":"2024-04-30T06:00:00","guid":{"rendered":"http:\/\/cms.mtsomnii.de\/w7\/merkur-de-gap\/oldtimer-erfuellt-traum-von-alpenfilmfestival-generalprobe-in-garmisch-partenkirchen-93041811-html-17372\/"},"modified":"2024-04-30T08:00:00","modified_gmt":"2024-04-30T06:00:00","slug":"oldtimer-erfuellt-traum-von-alpenfilmfestival-generalprobe-in-garmisch-partenkirchen-93041811-html","status":"publish","type":"post","link":"http:\/\/cms.mtsomnii.de\/w7\/merkur-de-gap\/oldtimer-erfuellt-traum-von-alpenfilmfestival-generalprobe-in-garmisch-partenkirchen-93041811-html-17372\/","title":{"rendered":"Alpenfilmfestival mit neuem Programm: Generalprobe in Garmisch-Partenkirchen &#8211; Erst ein Oldtimer erf\u00fcllte den Festivaltraum"},"content":{"rendered":"<div>Ein Autoverkauf hat das erste Alpenfilmfestival 2021 erm\u00f6glicht. Nun kommt es mit dem neuen Programm nach Garmisch-Partenkirchen. Erst einmal zur Generalprobe. Gr\u00fcnderin Sandra Freudenberg ist am 3. Mai ebenso dabei wie zwei Trailrunnerinnen mit ihrem Film.<\/div>\n","protected":false},"excerpt":{"rendered":"<p>Ein Autoverkauf hat das erste Alpenfilmfestival 2021 erm\u00f6glicht. Nun kommt es mit dem neuen Programm nach Garmisch-Partenkirchen. Erst einmal zur Generalprobe. Gr\u00fcnderin Sandra Freudenberg ist am 3. Mai ebenso dabei wie zwei Trailrunnerinnen mit ihrem Film.<\/p>\n","protected":false},"author":5,"featured_media":0,"comment_status":"closed","ping_status":"open","sticky":false,"template":"","format":"standard","meta":[],"categories":[5],"tags":[],"_links":{"self":[{"href":"http:\/\/cms.mtsomnii.de\/w7\/wp-json\/wp\/v2\/posts\/17372"}],"collection":[{"href":"http:\/\/cms.mtsomnii.de\/w7\/wp-json\/wp\/v2\/posts"}],"about":[{"href":"http:\/\/cms.mtsomnii.de\/w7\/wp-json\/wp\/v2\/types\/post"}],"author":[{"embeddable":true,"href":"http:\/\/cms.mtsomnii.de\/w7\/wp-json\/wp\/v2\/users\/5"}],"replies":[{"embeddable":true,"href":"http:\/\/cms.mtsomnii.de\/w7\/wp-json\/wp\/v2\/comments?post=17372"}],"version-history":[{"count":0,"href":"http:\/\/cms.mtsomnii.de\/w7\/wp-json\/wp\/v2\/posts\/17372\/revisions"}],"wp:attachment":[{"href":"http:\/\/cms.mtsomnii.de\/w7\/wp-json\/wp\/v2\/media?parent=17372"}],"wp:term":[{"taxonomy":"category","embeddable":true,"href":"http:\/\/cms.mtsomnii.de\/w7\/wp-json\/wp\/v2\/categories?post=17372"},{"taxonomy":"post_tag","embeddable":true,"href":"http:\/\/cms.mtsomnii.de\/w7\/wp-json\/wp\/v2\/tags?post=17372"}],"curies":[{"name":"wp","href":"https:\/\/api.w.org\/{rel}","templated":true}]}}