{"id":17385,"date":"2024-04-30T11:11:05","date_gmt":"2024-04-30T09:11:05","guid":{"rendered":"http:\/\/cms.mtsomnii.de\/w7\/merkur-de-gap\/oberammergau-rund-400-menschen-demonstrieren-fuer-vielfalt-und-demokratie-93042862-html-17385\/"},"modified":"2024-04-30T11:11:05","modified_gmt":"2024-04-30T09:11:05","slug":"oberammergau-rund-400-menschen-demonstrieren-fuer-vielfalt-und-demokratie-93042862-html","status":"publish","type":"post","link":"http:\/\/cms.mtsomnii.de\/w7\/merkur-de-gap\/oberammergau-rund-400-menschen-demonstrieren-fuer-vielfalt-und-demokratie-93042862-html-17385\/","title":{"rendered":"Oberammergau: Rund 400 Menschen demonstrieren f\u00fcr Vielfalt und Demokratie"},"content":{"rendered":"<div>Nun wurde auch im Ammertal f\u00fcr Vielfalt und Demokratie demonstriert. In Oberammergau kamen am Sonntag nach Sch\u00e4tzung der Veranstalter rund 400 Menschen zu der Veranstaltung, die von einem breiten B\u00fcndnis organisiert worden war.<\/div>\n","protected":false},"excerpt":{"rendered":"<p>Nun wurde auch im Ammertal f\u00fcr Vielfalt und Demokratie demonstriert. In Oberammergau kamen am Sonntag nach Sch\u00e4tzung der Veranstalter rund 400 Menschen zu der Veranstaltung, die von einem breiten B\u00fcndnis organisiert worden war.<\/p>\n","protected":false},"author":5,"featured_media":0,"comment_status":"closed","ping_status":"open","sticky":false,"template":"","format":"standard","meta":[],"categories":[5],"tags":[],"_links":{"self":[{"href":"http:\/\/cms.mtsomnii.de\/w7\/wp-json\/wp\/v2\/posts\/17385"}],"collection":[{"href":"http:\/\/cms.mtsomnii.de\/w7\/wp-json\/wp\/v2\/posts"}],"about":[{"href":"http:\/\/cms.mtsomnii.de\/w7\/wp-json\/wp\/v2\/types\/post"}],"author":[{"embeddable":true,"href":"http:\/\/cms.mtsomnii.de\/w7\/wp-json\/wp\/v2\/users\/5"}],"replies":[{"embeddable":true,"href":"http:\/\/cms.mtsomnii.de\/w7\/wp-json\/wp\/v2\/comments?post=17385"}],"version-history":[{"count":0,"href":"http:\/\/cms.mtsomnii.de\/w7\/wp-json\/wp\/v2\/posts\/17385\/revisions"}],"wp:attachment":[{"href":"http:\/\/cms.mtsomnii.de\/w7\/wp-json\/wp\/v2\/media?parent=17385"}],"wp:term":[{"taxonomy":"category","embeddable":true,"href":"http:\/\/cms.mtsomnii.de\/w7\/wp-json\/wp\/v2\/categories?post=17385"},{"taxonomy":"post_tag","embeddable":true,"href":"http:\/\/cms.mtsomnii.de\/w7\/wp-json\/wp\/v2\/tags?post=17385"}],"curies":[{"name":"wp","href":"https:\/\/api.w.org\/{rel}","templated":true}]}}