{"id":17854,"date":"2024-05-27T17:00:00","date_gmt":"2024-05-27T15:00:00","guid":{"rendered":"http:\/\/cms.mtsomnii.de\/w7\/kreisbote-gap\/bremsen-ausgefallen-radlader-knallt-in-heckklappe-eines-pkw-in-unterammergau-93093924-html-17854\/"},"modified":"2024-05-27T17:00:00","modified_gmt":"2024-05-27T15:00:00","slug":"bremsen-ausgefallen-radlader-knallt-in-heckklappe-eines-pkw-in-unterammergau-93093924-html","status":"publish","type":"post","link":"http:\/\/cms.mtsomnii.de\/w7\/kreisbote-gap\/bremsen-ausgefallen-radlader-knallt-in-heckklappe-eines-pkw-in-unterammergau-93093924-html-17854\/","title":{"rendered":"Bremsen ausgefallen: Radlader knallt in Heckklappe eines PKW in Unterammergau"},"content":{"rendered":"<div>An einer Baustelle in Unterammergau fuhr ein Radlader-Fahrer in die Heckklappe eines vor ihm stehenden Autos. Grund f\u00fcr den Unfall sei ein Versagen der Bremsen. Der gesch\u00e4tzte Schaden bel\u00e4uft sich auf circa 10.000 Euro.<\/div>\n","protected":false},"excerpt":{"rendered":"<p>An einer Baustelle in Unterammergau fuhr ein Radlader-Fahrer in die Heckklappe eines vor ihm stehenden Autos. Grund f\u00fcr den Unfall sei ein Versagen der Bremsen. Der gesch\u00e4tzte Schaden bel\u00e4uft sich auf circa 10.000 Euro.<\/p>\n","protected":false},"author":4,"featured_media":0,"comment_status":"closed","ping_status":"open","sticky":false,"template":"","format":"standard","meta":[],"categories":[2],"tags":[],"_links":{"self":[{"href":"http:\/\/cms.mtsomnii.de\/w7\/wp-json\/wp\/v2\/posts\/17854"}],"collection":[{"href":"http:\/\/cms.mtsomnii.de\/w7\/wp-json\/wp\/v2\/posts"}],"about":[{"href":"http:\/\/cms.mtsomnii.de\/w7\/wp-json\/wp\/v2\/types\/post"}],"author":[{"embeddable":true,"href":"http:\/\/cms.mtsomnii.de\/w7\/wp-json\/wp\/v2\/users\/4"}],"replies":[{"embeddable":true,"href":"http:\/\/cms.mtsomnii.de\/w7\/wp-json\/wp\/v2\/comments?post=17854"}],"version-history":[{"count":0,"href":"http:\/\/cms.mtsomnii.de\/w7\/wp-json\/wp\/v2\/posts\/17854\/revisions"}],"wp:attachment":[{"href":"http:\/\/cms.mtsomnii.de\/w7\/wp-json\/wp\/v2\/media?parent=17854"}],"wp:term":[{"taxonomy":"category","embeddable":true,"href":"http:\/\/cms.mtsomnii.de\/w7\/wp-json\/wp\/v2\/categories?post=17854"},{"taxonomy":"post_tag","embeddable":true,"href":"http:\/\/cms.mtsomnii.de\/w7\/wp-json\/wp\/v2\/tags?post=17854"}],"curies":[{"name":"wp","href":"https:\/\/api.w.org\/{rel}","templated":true}]}}