{"id":17856,"date":"2024-05-28T08:00:00","date_gmt":"2024-05-28T06:00:00","guid":{"rendered":"http:\/\/cms.mtsomnii.de\/w7\/merkur-de-gap\/marktrat-garmisch-partenkirchen-keine-entscheidung-zu-hoeheren-kita-gebuehren-93093545-html-2-17856\/"},"modified":"2024-05-28T08:00:00","modified_gmt":"2024-05-28T06:00:00","slug":"marktrat-garmisch-partenkirchen-keine-entscheidung-zu-hoeheren-kita-gebuehren-93093545-html-2","status":"publish","type":"post","link":"http:\/\/cms.mtsomnii.de\/w7\/merkur-de-gap\/marktrat-garmisch-partenkirchen-keine-entscheidung-zu-hoeheren-kita-gebuehren-93093545-html-2-17856\/","title":{"rendered":"Marktrat Garmisch-Partenkirchen: Keine Entscheidung zu h\u00f6heren Kita-Geb\u00fchren"},"content":{"rendered":"<div>Die Geb\u00fchren f\u00fcr die Kindertagesst\u00e4tten des Markts Garmisch-Partenkirchen sollen steigen. Um wie viel bleibt nach der j\u00fcngsten Marktgemeinderatssitzung erneut offen. Eine Entscheidung soll nun im Juni fallen.<\/div>\n","protected":false},"excerpt":{"rendered":"<p>Die Geb\u00fchren f\u00fcr die Kindertagesst\u00e4tten des Markts Garmisch-Partenkirchen sollen steigen. Um wie viel bleibt nach der j\u00fcngsten Marktgemeinderatssitzung erneut offen. Eine Entscheidung soll nun im Juni fallen.<\/p>\n","protected":false},"author":5,"featured_media":0,"comment_status":"closed","ping_status":"open","sticky":false,"template":"","format":"standard","meta":[],"categories":[5],"tags":[],"_links":{"self":[{"href":"http:\/\/cms.mtsomnii.de\/w7\/wp-json\/wp\/v2\/posts\/17856"}],"collection":[{"href":"http:\/\/cms.mtsomnii.de\/w7\/wp-json\/wp\/v2\/posts"}],"about":[{"href":"http:\/\/cms.mtsomnii.de\/w7\/wp-json\/wp\/v2\/types\/post"}],"author":[{"embeddable":true,"href":"http:\/\/cms.mtsomnii.de\/w7\/wp-json\/wp\/v2\/users\/5"}],"replies":[{"embeddable":true,"href":"http:\/\/cms.mtsomnii.de\/w7\/wp-json\/wp\/v2\/comments?post=17856"}],"version-history":[{"count":0,"href":"http:\/\/cms.mtsomnii.de\/w7\/wp-json\/wp\/v2\/posts\/17856\/revisions"}],"wp:attachment":[{"href":"http:\/\/cms.mtsomnii.de\/w7\/wp-json\/wp\/v2\/media?parent=17856"}],"wp:term":[{"taxonomy":"category","embeddable":true,"href":"http:\/\/cms.mtsomnii.de\/w7\/wp-json\/wp\/v2\/categories?post=17856"},{"taxonomy":"post_tag","embeddable":true,"href":"http:\/\/cms.mtsomnii.de\/w7\/wp-json\/wp\/v2\/tags?post=17856"}],"curies":[{"name":"wp","href":"https:\/\/api.w.org\/{rel}","templated":true}]}}