{"id":17858,"date":"2024-05-28T09:34:40","date_gmt":"2024-05-28T07:34:40","guid":{"rendered":"http:\/\/cms.mtsomnii.de\/w7\/merkur-de-gap\/wenn-maenner-in-ihrem-element-sind-93095707-html-17858\/"},"modified":"2024-05-28T09:34:40","modified_gmt":"2024-05-28T07:34:40","slug":"wenn-maenner-in-ihrem-element-sind-93095707-html","status":"publish","type":"post","link":"http:\/\/cms.mtsomnii.de\/w7\/merkur-de-gap\/wenn-maenner-in-ihrem-element-sind-93095707-html-17858\/","title":{"rendered":"150 Jahre Einsatz f\u00fcr die Gemeinschaft: Mittenwald feiert seine Feuerwehr &#8211; Das steht an"},"content":{"rendered":"<div>Seit 150 Jahren ist sie der Inbegriff f\u00fcr Sicherheit. Gebe es die Freiwilligen der Mittenwalder Feuerwehr nicht, w\u00fcrde Mittenwald vermutlich gar nicht mehr existieren. Diese Woche wird das Jubil\u00e4um gro\u00df gefeiert.<\/div>\n","protected":false},"excerpt":{"rendered":"<p>Seit 150 Jahren ist sie der Inbegriff f\u00fcr Sicherheit. Gebe es die Freiwilligen der Mittenwalder Feuerwehr nicht, w\u00fcrde Mittenwald vermutlich gar nicht mehr existieren. Diese Woche wird das Jubil\u00e4um gro\u00df gefeiert.<\/p>\n","protected":false},"author":5,"featured_media":0,"comment_status":"closed","ping_status":"open","sticky":false,"template":"","format":"standard","meta":[],"categories":[5],"tags":[],"_links":{"self":[{"href":"http:\/\/cms.mtsomnii.de\/w7\/wp-json\/wp\/v2\/posts\/17858"}],"collection":[{"href":"http:\/\/cms.mtsomnii.de\/w7\/wp-json\/wp\/v2\/posts"}],"about":[{"href":"http:\/\/cms.mtsomnii.de\/w7\/wp-json\/wp\/v2\/types\/post"}],"author":[{"embeddable":true,"href":"http:\/\/cms.mtsomnii.de\/w7\/wp-json\/wp\/v2\/users\/5"}],"replies":[{"embeddable":true,"href":"http:\/\/cms.mtsomnii.de\/w7\/wp-json\/wp\/v2\/comments?post=17858"}],"version-history":[{"count":0,"href":"http:\/\/cms.mtsomnii.de\/w7\/wp-json\/wp\/v2\/posts\/17858\/revisions"}],"wp:attachment":[{"href":"http:\/\/cms.mtsomnii.de\/w7\/wp-json\/wp\/v2\/media?parent=17858"}],"wp:term":[{"taxonomy":"category","embeddable":true,"href":"http:\/\/cms.mtsomnii.de\/w7\/wp-json\/wp\/v2\/categories?post=17858"},{"taxonomy":"post_tag","embeddable":true,"href":"http:\/\/cms.mtsomnii.de\/w7\/wp-json\/wp\/v2\/tags?post=17858"}],"curies":[{"name":"wp","href":"https:\/\/api.w.org\/{rel}","templated":true}]}}