{"id":17867,"date":"2024-05-27T15:00:00","date_gmt":"2024-05-27T13:00:00","guid":{"rendered":"http:\/\/cms.mtsomnii.de\/w7\/kreisbote-gap\/grossaufgebot-grainauer-wird-bei-unfall-in-fahrzeug-eingeklemmt-93093472-html-3-17867\/"},"modified":"2024-05-27T15:00:00","modified_gmt":"2024-05-27T13:00:00","slug":"grossaufgebot-grainauer-wird-bei-unfall-in-fahrzeug-eingeklemmt-93093472-html-3","status":"publish","type":"post","link":"http:\/\/cms.mtsomnii.de\/w7\/kreisbote-gap\/grossaufgebot-grainauer-wird-bei-unfall-in-fahrzeug-eingeklemmt-93093472-html-3-17867\/","title":{"rendered":"Gro\u00dfaufgebot: Grainauer wird bei Unfall in Fahrzeug eingeklemmt"},"content":{"rendered":"<div>Ein Grainauer \u00fcberschlug sich am Samstag mit seinem Pick-up auf der Bundesstra\u00dfe B23 bei Grainau. Der Wagen rutschte sodann einige Meter einen Hang hinab, wodurch der Fahrer im Fahrzeug eingeklemmt wurde.<\/div>\n","protected":false},"excerpt":{"rendered":"<p>Ein Grainauer \u00fcberschlug sich am Samstag mit seinem Pick-up auf der Bundesstra\u00dfe B23 bei Grainau. Der Wagen rutschte sodann einige Meter einen Hang hinab, wodurch der Fahrer im Fahrzeug eingeklemmt wurde.<\/p>\n","protected":false},"author":4,"featured_media":0,"comment_status":"closed","ping_status":"open","sticky":false,"template":"","format":"standard","meta":[],"categories":[2],"tags":[],"_links":{"self":[{"href":"http:\/\/cms.mtsomnii.de\/w7\/wp-json\/wp\/v2\/posts\/17867"}],"collection":[{"href":"http:\/\/cms.mtsomnii.de\/w7\/wp-json\/wp\/v2\/posts"}],"about":[{"href":"http:\/\/cms.mtsomnii.de\/w7\/wp-json\/wp\/v2\/types\/post"}],"author":[{"embeddable":true,"href":"http:\/\/cms.mtsomnii.de\/w7\/wp-json\/wp\/v2\/users\/4"}],"replies":[{"embeddable":true,"href":"http:\/\/cms.mtsomnii.de\/w7\/wp-json\/wp\/v2\/comments?post=17867"}],"version-history":[{"count":0,"href":"http:\/\/cms.mtsomnii.de\/w7\/wp-json\/wp\/v2\/posts\/17867\/revisions"}],"wp:attachment":[{"href":"http:\/\/cms.mtsomnii.de\/w7\/wp-json\/wp\/v2\/media?parent=17867"}],"wp:term":[{"taxonomy":"category","embeddable":true,"href":"http:\/\/cms.mtsomnii.de\/w7\/wp-json\/wp\/v2\/categories?post=17867"},{"taxonomy":"post_tag","embeddable":true,"href":"http:\/\/cms.mtsomnii.de\/w7\/wp-json\/wp\/v2\/tags?post=17867"}],"curies":[{"name":"wp","href":"https:\/\/api.w.org\/{rel}","templated":true}]}}