{"id":17870,"date":"2024-05-28T09:36:28","date_gmt":"2024-05-28T07:36:28","guid":{"rendered":"http:\/\/cms.mtsomnii.de\/w7\/kreisbote-gap\/zusammenstoss-mit-auto-82-jaehriger-uebersieht-pkw-93095709-html-3-17870\/"},"modified":"2024-05-28T09:36:28","modified_gmt":"2024-05-28T07:36:28","slug":"zusammenstoss-mit-auto-82-jaehriger-uebersieht-pkw-93095709-html-3","status":"publish","type":"post","link":"http:\/\/cms.mtsomnii.de\/w7\/kreisbote-gap\/zusammenstoss-mit-auto-82-jaehriger-uebersieht-pkw-93095709-html-3-17870\/","title":{"rendered":"Zusammensto\u00df mit Auto: 82-J\u00e4hriger \u00fcbersieht Pkw"},"content":{"rendered":"<div>Ein 82-j\u00e4hriger Mann aus Garmisch-Partenkirchen wollte mit seinem Fahrrad die Stra\u00dfe \u00fcberqueren und \u00fcbersah dabei das Auto einer 27-j\u00e4hrigen Frau. Es kam zu einem Zusammensto\u00df, wobei der Radfahrer laut Angaben der Polizei ein Sch\u00e4del-Hirn-Trauma erlitt und ins Klinikum Garmisch-Partenkirchen gebracht wurde.<\/div>\n","protected":false},"excerpt":{"rendered":"<p>Ein 82-j\u00e4hriger Mann aus Garmisch-Partenkirchen wollte mit seinem Fahrrad die Stra\u00dfe \u00fcberqueren und \u00fcbersah dabei das Auto einer 27-j\u00e4hrigen Frau. Es kam zu einem Zusammensto\u00df, wobei der Radfahrer laut Angaben der Polizei ein Sch\u00e4del-Hirn-Trauma erlitt und ins Klinikum Garmisch-Partenkirchen gebracht wurde.<\/p>\n","protected":false},"author":4,"featured_media":0,"comment_status":"closed","ping_status":"open","sticky":false,"template":"","format":"standard","meta":[],"categories":[2],"tags":[],"_links":{"self":[{"href":"http:\/\/cms.mtsomnii.de\/w7\/wp-json\/wp\/v2\/posts\/17870"}],"collection":[{"href":"http:\/\/cms.mtsomnii.de\/w7\/wp-json\/wp\/v2\/posts"}],"about":[{"href":"http:\/\/cms.mtsomnii.de\/w7\/wp-json\/wp\/v2\/types\/post"}],"author":[{"embeddable":true,"href":"http:\/\/cms.mtsomnii.de\/w7\/wp-json\/wp\/v2\/users\/4"}],"replies":[{"embeddable":true,"href":"http:\/\/cms.mtsomnii.de\/w7\/wp-json\/wp\/v2\/comments?post=17870"}],"version-history":[{"count":0,"href":"http:\/\/cms.mtsomnii.de\/w7\/wp-json\/wp\/v2\/posts\/17870\/revisions"}],"wp:attachment":[{"href":"http:\/\/cms.mtsomnii.de\/w7\/wp-json\/wp\/v2\/media?parent=17870"}],"wp:term":[{"taxonomy":"category","embeddable":true,"href":"http:\/\/cms.mtsomnii.de\/w7\/wp-json\/wp\/v2\/categories?post=17870"},{"taxonomy":"post_tag","embeddable":true,"href":"http:\/\/cms.mtsomnii.de\/w7\/wp-json\/wp\/v2\/tags?post=17870"}],"curies":[{"name":"wp","href":"https:\/\/api.w.org\/{rel}","templated":true}]}}