{"id":17875,"date":"2024-05-27T14:26:09","date_gmt":"2024-05-27T12:26:09","guid":{"rendered":"http:\/\/cms.mtsomnii.de\/w7\/merkur-de-gap\/alpenregionstreffen-der-schuetzen-9000-teilnehmer-und-lob-fuer-wahre-europaeer-93094186-html-4-17875\/"},"modified":"2024-05-27T14:26:09","modified_gmt":"2024-05-27T12:26:09","slug":"alpenregionstreffen-der-schuetzen-9000-teilnehmer-und-lob-fuer-wahre-europaeer-93094186-html-4","status":"publish","type":"post","link":"http:\/\/cms.mtsomnii.de\/w7\/merkur-de-gap\/alpenregionstreffen-der-schuetzen-9000-teilnehmer-und-lob-fuer-wahre-europaeer-93094186-html-4-17875\/","title":{"rendered":"Alpenregionstreffen der Sch\u00fctzen: 9000 Teilnehmer und  Lob f\u00fcr \u201ewahre Europ\u00e4er\u201c"},"content":{"rendered":"<div>Das Wetter spielte wei\u00df-blau mit: Rund 9000 Sch\u00fctzen feierten in Garmisch mit einem gro\u00dfen Festzug ihr Alpenregionstreffen. Sie wurden f\u00fcr ihren Beitrag f\u00fcr Weltoffenheit und zu Europa gew\u00fcrdigt.<\/div>\n","protected":false},"excerpt":{"rendered":"<p>Das Wetter spielte wei\u00df-blau mit: Rund 9000 Sch\u00fctzen feierten in Garmisch mit einem gro\u00dfen Festzug ihr Alpenregionstreffen. Sie wurden f\u00fcr ihren Beitrag f\u00fcr Weltoffenheit und zu Europa gew\u00fcrdigt.<\/p>\n","protected":false},"author":5,"featured_media":0,"comment_status":"closed","ping_status":"open","sticky":false,"template":"","format":"standard","meta":[],"categories":[5],"tags":[],"_links":{"self":[{"href":"http:\/\/cms.mtsomnii.de\/w7\/wp-json\/wp\/v2\/posts\/17875"}],"collection":[{"href":"http:\/\/cms.mtsomnii.de\/w7\/wp-json\/wp\/v2\/posts"}],"about":[{"href":"http:\/\/cms.mtsomnii.de\/w7\/wp-json\/wp\/v2\/types\/post"}],"author":[{"embeddable":true,"href":"http:\/\/cms.mtsomnii.de\/w7\/wp-json\/wp\/v2\/users\/5"}],"replies":[{"embeddable":true,"href":"http:\/\/cms.mtsomnii.de\/w7\/wp-json\/wp\/v2\/comments?post=17875"}],"version-history":[{"count":0,"href":"http:\/\/cms.mtsomnii.de\/w7\/wp-json\/wp\/v2\/posts\/17875\/revisions"}],"wp:attachment":[{"href":"http:\/\/cms.mtsomnii.de\/w7\/wp-json\/wp\/v2\/media?parent=17875"}],"wp:term":[{"taxonomy":"category","embeddable":true,"href":"http:\/\/cms.mtsomnii.de\/w7\/wp-json\/wp\/v2\/categories?post=17875"},{"taxonomy":"post_tag","embeddable":true,"href":"http:\/\/cms.mtsomnii.de\/w7\/wp-json\/wp\/v2\/tags?post=17875"}],"curies":[{"name":"wp","href":"https:\/\/api.w.org\/{rel}","templated":true}]}}