{"id":17876,"date":"2024-05-27T15:00:00","date_gmt":"2024-05-27T13:00:00","guid":{"rendered":"http:\/\/cms.mtsomnii.de\/w7\/merkur-de-gap\/grossaufgebot-grainauer-wird-bei-unfall-in-fahrzeug-eingeklemmt-93093472-html-4-17876\/"},"modified":"2024-05-27T15:00:00","modified_gmt":"2024-05-27T13:00:00","slug":"grossaufgebot-grainauer-wird-bei-unfall-in-fahrzeug-eingeklemmt-93093472-html-4","status":"publish","type":"post","link":"http:\/\/cms.mtsomnii.de\/w7\/merkur-de-gap\/grossaufgebot-grainauer-wird-bei-unfall-in-fahrzeug-eingeklemmt-93093472-html-4-17876\/","title":{"rendered":"Gro\u00dfaufgebot: Grainauer wird bei Unfall in Fahrzeug eingeklemmt"},"content":{"rendered":"<div>Ein Grainauer \u00fcberschlug sich am Samstag mit seinem Pick-up auf der Bundesstra\u00dfe B23 bei Grainau. Der Wagen rutschte sodann einige Meter einen Hang hinab, wodurch der Fahrer im Fahrzeug eingeklemmt wurde.<\/div>\n","protected":false},"excerpt":{"rendered":"<p>Ein Grainauer \u00fcberschlug sich am Samstag mit seinem Pick-up auf der Bundesstra\u00dfe B23 bei Grainau. Der Wagen rutschte sodann einige Meter einen Hang hinab, wodurch der Fahrer im Fahrzeug eingeklemmt wurde.<\/p>\n","protected":false},"author":5,"featured_media":0,"comment_status":"closed","ping_status":"open","sticky":false,"template":"","format":"standard","meta":[],"categories":[5],"tags":[],"_links":{"self":[{"href":"http:\/\/cms.mtsomnii.de\/w7\/wp-json\/wp\/v2\/posts\/17876"}],"collection":[{"href":"http:\/\/cms.mtsomnii.de\/w7\/wp-json\/wp\/v2\/posts"}],"about":[{"href":"http:\/\/cms.mtsomnii.de\/w7\/wp-json\/wp\/v2\/types\/post"}],"author":[{"embeddable":true,"href":"http:\/\/cms.mtsomnii.de\/w7\/wp-json\/wp\/v2\/users\/5"}],"replies":[{"embeddable":true,"href":"http:\/\/cms.mtsomnii.de\/w7\/wp-json\/wp\/v2\/comments?post=17876"}],"version-history":[{"count":0,"href":"http:\/\/cms.mtsomnii.de\/w7\/wp-json\/wp\/v2\/posts\/17876\/revisions"}],"wp:attachment":[{"href":"http:\/\/cms.mtsomnii.de\/w7\/wp-json\/wp\/v2\/media?parent=17876"}],"wp:term":[{"taxonomy":"category","embeddable":true,"href":"http:\/\/cms.mtsomnii.de\/w7\/wp-json\/wp\/v2\/categories?post=17876"},{"taxonomy":"post_tag","embeddable":true,"href":"http:\/\/cms.mtsomnii.de\/w7\/wp-json\/wp\/v2\/tags?post=17876"}],"curies":[{"name":"wp","href":"https:\/\/api.w.org\/{rel}","templated":true}]}}