{"id":17906,"date":"2024-05-31T16:00:00","date_gmt":"2024-05-31T14:00:00","guid":{"rendered":"http:\/\/cms.mtsomnii.de\/w7\/merkur-de-gap\/tag-der-bundeswehr-grosse-buehne-mit-pistorius-93096307-html-2-17906\/"},"modified":"2024-05-31T16:00:00","modified_gmt":"2024-05-31T14:00:00","slug":"tag-der-bundeswehr-grosse-buehne-mit-pistorius-93096307-html-2","status":"publish","type":"post","link":"http:\/\/cms.mtsomnii.de\/w7\/merkur-de-gap\/tag-der-bundeswehr-grosse-buehne-mit-pistorius-93096307-html-2-17906\/","title":{"rendered":"\u201eTag der Bundeswehr\u201c: Gro\u00dfe B\u00fchne mit Pistorius"},"content":{"rendered":"<div>Mittenwald mit seinem in der Edelwei\u00dfkaserne beheimateten Gebirgsj\u00e4gerbataillon 233 ist heuer der einzige bayerische Standort f\u00fcr den vor zehn Jahren eingef\u00fchrten \u201eTag der Bundeswehr\u201c. Am Samstag, 8. Juni, ist die \u00d6ffentlichkeit zur gro\u00dfen Leistungsschau eingeladen. Mit Verteidigungsminister Boris Pistorius hat sich auch der oberste Dienstherr angesagt.<\/div>\n","protected":false},"excerpt":{"rendered":"<p>Mittenwald mit seinem in der Edelwei\u00dfkaserne beheimateten Gebirgsj\u00e4gerbataillon 233 ist heuer der einzige bayerische Standort f\u00fcr den vor zehn Jahren eingef\u00fchrten \u201eTag der Bundeswehr\u201c. Am Samstag, 8. Juni, ist die \u00d6ffentlichkeit zur gro\u00dfen Leistungsschau eingeladen. Mit Verteidigungsminister Boris Pistorius hat sich auch der oberste Dienstherr angesagt.<\/p>\n","protected":false},"author":5,"featured_media":0,"comment_status":"closed","ping_status":"open","sticky":false,"template":"","format":"standard","meta":[],"categories":[5],"tags":[],"_links":{"self":[{"href":"http:\/\/cms.mtsomnii.de\/w7\/wp-json\/wp\/v2\/posts\/17906"}],"collection":[{"href":"http:\/\/cms.mtsomnii.de\/w7\/wp-json\/wp\/v2\/posts"}],"about":[{"href":"http:\/\/cms.mtsomnii.de\/w7\/wp-json\/wp\/v2\/types\/post"}],"author":[{"embeddable":true,"href":"http:\/\/cms.mtsomnii.de\/w7\/wp-json\/wp\/v2\/users\/5"}],"replies":[{"embeddable":true,"href":"http:\/\/cms.mtsomnii.de\/w7\/wp-json\/wp\/v2\/comments?post=17906"}],"version-history":[{"count":0,"href":"http:\/\/cms.mtsomnii.de\/w7\/wp-json\/wp\/v2\/posts\/17906\/revisions"}],"wp:attachment":[{"href":"http:\/\/cms.mtsomnii.de\/w7\/wp-json\/wp\/v2\/media?parent=17906"}],"wp:term":[{"taxonomy":"category","embeddable":true,"href":"http:\/\/cms.mtsomnii.de\/w7\/wp-json\/wp\/v2\/categories?post=17906"},{"taxonomy":"post_tag","embeddable":true,"href":"http:\/\/cms.mtsomnii.de\/w7\/wp-json\/wp\/v2\/tags?post=17906"}],"curies":[{"name":"wp","href":"https:\/\/api.w.org\/{rel}","templated":true}]}}