{"id":17977,"date":"2024-06-04T11:22:01","date_gmt":"2024-06-04T09:22:01","guid":{"rendered":"http:\/\/cms.mtsomnii.de\/w7\/merkur-de-gap\/tag-der-bundeswehr-in-mittenwald-abgesagt-93108801-html-17977\/"},"modified":"2024-06-04T11:22:01","modified_gmt":"2024-06-04T09:22:01","slug":"tag-der-bundeswehr-in-mittenwald-abgesagt-93108801-html","status":"publish","type":"post","link":"http:\/\/cms.mtsomnii.de\/w7\/merkur-de-gap\/tag-der-bundeswehr-in-mittenwald-abgesagt-93108801-html-17977\/","title":{"rendered":"Tag der Bundeswehr in Mittenwald abgesagt \u2013 \u201eNicht der richtige Zeitpunkt\u201c"},"content":{"rendered":"<div>Der Tag der Bundeswehr in Mittenwald findet nicht statt. F\u00fcr das Gro\u00dfereignis hatte sich sogar Verteidigungsminister Boris Pistorius (SPD) angek\u00fcndigt.<\/div>\n","protected":false},"excerpt":{"rendered":"<p>Der Tag der Bundeswehr in Mittenwald findet nicht statt. F\u00fcr das Gro\u00dfereignis hatte sich sogar Verteidigungsminister Boris Pistorius (SPD) angek\u00fcndigt.<\/p>\n","protected":false},"author":5,"featured_media":0,"comment_status":"closed","ping_status":"open","sticky":false,"template":"","format":"standard","meta":[],"categories":[5],"tags":[],"_links":{"self":[{"href":"http:\/\/cms.mtsomnii.de\/w7\/wp-json\/wp\/v2\/posts\/17977"}],"collection":[{"href":"http:\/\/cms.mtsomnii.de\/w7\/wp-json\/wp\/v2\/posts"}],"about":[{"href":"http:\/\/cms.mtsomnii.de\/w7\/wp-json\/wp\/v2\/types\/post"}],"author":[{"embeddable":true,"href":"http:\/\/cms.mtsomnii.de\/w7\/wp-json\/wp\/v2\/users\/5"}],"replies":[{"embeddable":true,"href":"http:\/\/cms.mtsomnii.de\/w7\/wp-json\/wp\/v2\/comments?post=17977"}],"version-history":[{"count":0,"href":"http:\/\/cms.mtsomnii.de\/w7\/wp-json\/wp\/v2\/posts\/17977\/revisions"}],"wp:attachment":[{"href":"http:\/\/cms.mtsomnii.de\/w7\/wp-json\/wp\/v2\/media?parent=17977"}],"wp:term":[{"taxonomy":"category","embeddable":true,"href":"http:\/\/cms.mtsomnii.de\/w7\/wp-json\/wp\/v2\/categories?post=17977"},{"taxonomy":"post_tag","embeddable":true,"href":"http:\/\/cms.mtsomnii.de\/w7\/wp-json\/wp\/v2\/tags?post=17977"}],"curies":[{"name":"wp","href":"https:\/\/api.w.org\/{rel}","templated":true}]}}