{"id":17979,"date":"2024-06-04T17:30:42","date_gmt":"2024-06-04T15:30:42","guid":{"rendered":"http:\/\/cms.mtsomnii.de\/w7\/merkur-de-gap\/eskalation-im-skigebiet-93109877-html-17979\/"},"modified":"2024-06-04T17:30:42","modified_gmt":"2024-06-04T15:30:42","slug":"eskalation-im-skigebiet-93109877-html","status":"publish","type":"post","link":"http:\/\/cms.mtsomnii.de\/w7\/merkur-de-gap\/eskalation-im-skigebiet-93109877-html-17979\/","title":{"rendered":"Eskalation im Skigebiet: N\u00fcrnberger mit Kleinkind schl\u00e4gt Seilbahn-Mitarbeiter"},"content":{"rendered":"<div>Ein Streit im Skigebiet Garmisch-Classic endete f\u00fcr einen Familienvater aus N\u00fcrnberg nun im Gerichtssaal. Der Mann wollte mit seinem Kleinkind Skifahren. Ein Mitarbeiter verweigerte dies aber aus Sicherheitsgr\u00fcnden, weil das M\u00e4dchen keinen Helm trug. Darauf eskalierte die Situation.<\/div>\n","protected":false},"excerpt":{"rendered":"<p>Ein Streit im Skigebiet Garmisch-Classic endete f\u00fcr einen Familienvater aus N\u00fcrnberg nun im Gerichtssaal. Der Mann wollte mit seinem Kleinkind Skifahren. Ein Mitarbeiter verweigerte dies aber aus Sicherheitsgr\u00fcnden, weil das M\u00e4dchen keinen Helm trug. Darauf eskalierte die Situation.<\/p>\n","protected":false},"author":5,"featured_media":0,"comment_status":"closed","ping_status":"open","sticky":false,"template":"","format":"standard","meta":[],"categories":[5],"tags":[],"_links":{"self":[{"href":"http:\/\/cms.mtsomnii.de\/w7\/wp-json\/wp\/v2\/posts\/17979"}],"collection":[{"href":"http:\/\/cms.mtsomnii.de\/w7\/wp-json\/wp\/v2\/posts"}],"about":[{"href":"http:\/\/cms.mtsomnii.de\/w7\/wp-json\/wp\/v2\/types\/post"}],"author":[{"embeddable":true,"href":"http:\/\/cms.mtsomnii.de\/w7\/wp-json\/wp\/v2\/users\/5"}],"replies":[{"embeddable":true,"href":"http:\/\/cms.mtsomnii.de\/w7\/wp-json\/wp\/v2\/comments?post=17979"}],"version-history":[{"count":0,"href":"http:\/\/cms.mtsomnii.de\/w7\/wp-json\/wp\/v2\/posts\/17979\/revisions"}],"wp:attachment":[{"href":"http:\/\/cms.mtsomnii.de\/w7\/wp-json\/wp\/v2\/media?parent=17979"}],"wp:term":[{"taxonomy":"category","embeddable":true,"href":"http:\/\/cms.mtsomnii.de\/w7\/wp-json\/wp\/v2\/categories?post=17979"},{"taxonomy":"post_tag","embeddable":true,"href":"http:\/\/cms.mtsomnii.de\/w7\/wp-json\/wp\/v2\/tags?post=17979"}],"curies":[{"name":"wp","href":"https:\/\/api.w.org\/{rel}","templated":true}]}}